{"id":536,"date":"2019-05-21T16:39:10","date_gmt":"2019-05-21T14:39:10","guid":{"rendered":"http:\/\/localhost:8888\/caberg-blog\/?p=536"},"modified":"2021-11-10T11:17:38","modified_gmt":"2021-11-10T10:17:38","slug":"la-moto-la-meta-2019","status":"publish","type":"post","link":"https:\/\/www.caberg.it\/mondo-caberg\/2019\/05\/21\/la-moto-la-meta-2019\/","title":{"rendered":"La moto, la meta 2019"},"content":{"rendered":"<p><img loading=\"lazy\" decoding=\"async\" class=\"alignnone wp-image-537 size-full\" src=\"https:\/\/www.caberg.it\/mondo-caberg\/wp-content\/uploads\/2021\/10\/257_lamotolameta1.png\" alt=\"\" width=\"800\" height=\"466\" srcset=\"https:\/\/www.caberg.it\/mondo-caberg\/wp-content\/uploads\/2021\/10\/257_lamotolameta1.png 800w, https:\/\/www.caberg.it\/mondo-caberg\/wp-content\/uploads\/2021\/10\/257_lamotolameta1-300x175.png 300w\" sizes=\"auto, (max-width: 800px) 100vw, 800px\" \/><\/p>\n<p>Fin da piccola guardavo il mappamondo, lo facevo girare e poi puntavo il dito su un paese a caso immaginandomi l\u00ec. Crescendo invece pi\u00f9 che immaginarmi l\u00ec, l\u2019obiettivo \u00e8 stato quello di andarci di persona. Inizialmente viaggiavo in aereo, treno, auto o a piedi, mai in moto. Poi ad un certo punto della mia vita ho incontrato Filippo che mi ha fatto appassionare alla moto e insieme abbiamo percorso pi\u00f9 di 100 mila Km visitando pi\u00f9 di 20 paesi.<br \/>\nGli amici, ogni volta al ritorno da un viaggio ci chiedevano di mostrargli le foto e raccontare le nostre impressioni, cos\u00ec \u00e8 nata l\u2019idea di creare una pagina Facebook e un profilo Instagram dove raccontare i nostri viaggi per far conoscere posti nuovi a chi non c\u2019\u00e8 stato e pensa d\u2019andarci o semplicemente a chi come noi ama sognare. E cos\u00ec \u00e8 nata \u201cla moto, la meta\u201d.\u00a0 I nostri viaggi vengono ritagliati da periodi di riposo dal lavoro o semplicemente dalle nostre ferie estive. Infatti spaziano dal fine settimana a viaggi di mesi.<br \/>\nIn verit\u00e0 il viaggio pi\u00f9 lungo ancora non l\u2019abbiamo fatto ma lo faremo quest\u2019anno.<br \/>\nPercorreremo circa 20 mila Km. Partiremo da Gorizia il primo di giugno e raggiungeremo San Pietroburgo dove sosteremo circa 3 giorni per visitare la citt\u00e0, poi sar\u00e0 la volta di Mosca dove crediamo anche l\u00ec di stare 3 giorni e poi proseguiremo verso Sud alla scoperta del Kazakistan, Kirghizistan, Tagikistan, Uzbekistan, Turkmenistan, Iran, Azerbaigian, Georgia, Turchia, Bulgaria e poi strada facendo decideremo quale strada e Stato affrontare per ritornare in Italia verso il 31 di luglio<br \/>\nL\u2019obiettivo del viaggio \u00e8 di percorrere un pezzo della famosa strada Transiberiana in Russia mentre tra Kirghizistan e Tagikistan percorrere l\u2019altrettanto famosa Pamir Highway e arrivare fino alla porta dell\u2019Inferno in Turkmenistan. Il resto lo scopriremo strada facendo\u2026.<\/p>\n<p>Caberg si occuper\u00e0 della nostra sicurezza attraverso due bellissimi <strong>LEVO<\/strong> che ci accompagneranno in questa nuova avventura!<br \/>\nscopri il nuovo levo visitando: <a href=\"https:\/\/www.caberg.it\/caschi\/apribili\/levo\">https:\/\/www.caberg.it\/caschi\/apribili\/levo<\/a><br \/>\nseguiteci su\u00a0<a href=\"https:\/\/www.facebook.com\/lamotolameta\/\">https:\/\/www.facebook.com\/lamotolameta\/<\/a> e\u00a0 <a href=\"https:\/\/www.instagram.com\/lamoto.lameta\/\">https:\/\/www.instagram.com\/lamoto.lameta\/<\/a><\/p>\n","protected":false},"excerpt":{"rendered":"<p>Caberg si occuper\u00e0 della nostra sicurezza attraverso due bellissimi LEVO che ci accompagneranno in questa nuova avventura!<\/p>\n","protected":false},"author":1,"featured_media":537,"comment_status":"open","ping_status":"open","sticky":false,"template":"","format":"standard","meta":{"_acf_changed":false,"footnotes":""},"categories":[6],"tags":[],"class_list":["post-536","post","type-post","status-publish","format-standard","has-post-thumbnail","hentry","category-avventure-gite"],"acf":[],"yoast_head":"<!-- This site is optimized with the Yoast SEO plugin v26.4 - https:\/\/yoast.com\/wordpress\/plugins\/seo\/ -->\n<title>La moto, la meta 2019 - Caberg World<\/title>\n<meta name=\"robots\" content=\"index, follow, max-snippet:-1, max-image-preview:large, max-video-preview:-1\" \/>\n<link rel=\"canonical\" href=\"https:\/\/www.caberg.it\/mondo-caberg\/2019\/05\/21\/la-moto-la-meta-2019\/\" \/>\n<meta property=\"og:locale\" content=\"it_IT\" \/>\n<meta property=\"og:type\" content=\"article\" \/>\n<meta property=\"og:title\" content=\"La moto, la meta 2019 - Caberg World\" \/>\n<meta property=\"og:description\" content=\"Caberg si occuper\u00e0 della nostra sicurezza attraverso due bellissimi LEVO che ci accompagneranno in questa nuova avventura!\" \/>\n<meta property=\"og:url\" content=\"https:\/\/www.caberg.it\/mondo-caberg\/2019\/05\/21\/la-moto-la-meta-2019\/\" \/>\n<meta property=\"og:site_name\" content=\"Caberg World\" \/>\n<meta property=\"article:publisher\" content=\"https:\/\/www.facebook.com\/Caberg-Helmets-867297310082417\/\" \/>\n<meta property=\"article:published_time\" content=\"2019-05-21T14:39:10+00:00\" \/>\n<meta property=\"article:modified_time\" content=\"2021-11-10T10:17:38+00:00\" \/>\n<meta property=\"og:image\" content=\"https:\/\/www.caberg.it\/mondo-caberg\/wp-content\/uploads\/2021\/10\/257_lamotolameta1.png\" \/>\n\t<meta property=\"og:image:width\" content=\"800\" \/>\n\t<meta property=\"og:image:height\" content=\"466\" \/>\n\t<meta property=\"og:image:type\" content=\"image\/png\" \/>\n<meta name=\"author\" content=\"ecommerce@videocomp.it\" \/>\n<meta name=\"twitter:card\" content=\"summary_large_image\" \/>\n<meta name=\"twitter:label1\" content=\"Scritto da\" \/>\n\t<meta name=\"twitter:data1\" content=\"ecommerce@videocomp.it\" \/>\n\t<meta name=\"twitter:label2\" content=\"Tempo di lettura stimato\" \/>\n\t<meta name=\"twitter:data2\" content=\"2 minuti\" \/>\n<script type=\"application\/ld+json\" class=\"yoast-schema-graph\">{\"@context\":\"https:\/\/schema.org\",\"@graph\":[{\"@type\":\"WebPage\",\"@id\":\"https:\/\/www.caberg.it\/mondo-caberg\/2019\/05\/21\/la-moto-la-meta-2019\/\",\"url\":\"https:\/\/www.caberg.it\/mondo-caberg\/2019\/05\/21\/la-moto-la-meta-2019\/\",\"name\":\"La moto, la meta 2019 - Caberg World\",\"isPartOf\":{\"@id\":\"https:\/\/www.caberg.it\/mondo-caberg\/#website\"},\"primaryImageOfPage\":{\"@id\":\"https:\/\/www.caberg.it\/mondo-caberg\/2019\/05\/21\/la-moto-la-meta-2019\/#primaryimage\"},\"image\":{\"@id\":\"https:\/\/www.caberg.it\/mondo-caberg\/2019\/05\/21\/la-moto-la-meta-2019\/#primaryimage\"},\"thumbnailUrl\":\"https:\/\/www.caberg.it\/mondo-caberg\/wp-content\/uploads\/2021\/10\/257_lamotolameta1.png\",\"datePublished\":\"2019-05-21T14:39:10+00:00\",\"dateModified\":\"2021-11-10T10:17:38+00:00\",\"author\":{\"@id\":\"https:\/\/www.caberg.it\/mondo-caberg\/#\/schema\/person\/732825cb1b782bb1736f9087ba61f98e\"},\"breadcrumb\":{\"@id\":\"https:\/\/www.caberg.it\/mondo-caberg\/2019\/05\/21\/la-moto-la-meta-2019\/#breadcrumb\"},\"inLanguage\":\"it-IT\",\"potentialAction\":[{\"@type\":\"ReadAction\",\"target\":[\"https:\/\/www.caberg.it\/mondo-caberg\/2019\/05\/21\/la-moto-la-meta-2019\/\"]}]},{\"@type\":\"ImageObject\",\"inLanguage\":\"it-IT\",\"@id\":\"https:\/\/www.caberg.it\/mondo-caberg\/2019\/05\/21\/la-moto-la-meta-2019\/#primaryimage\",\"url\":\"https:\/\/www.caberg.it\/mondo-caberg\/wp-content\/uploads\/2021\/10\/257_lamotolameta1.png\",\"contentUrl\":\"https:\/\/www.caberg.it\/mondo-caberg\/wp-content\/uploads\/2021\/10\/257_lamotolameta1.png\",\"width\":800,\"height\":466},{\"@type\":\"BreadcrumbList\",\"@id\":\"https:\/\/www.caberg.it\/mondo-caberg\/2019\/05\/21\/la-moto-la-meta-2019\/#breadcrumb\",\"itemListElement\":[{\"@type\":\"ListItem\",\"position\":1,\"name\":\"Home\",\"item\":\"https:\/\/www.caberg.it\/mondo-caberg\/\"},{\"@type\":\"ListItem\",\"position\":2,\"name\":\"La moto, la meta 2019\"}]},{\"@type\":\"WebSite\",\"@id\":\"https:\/\/www.caberg.it\/mondo-caberg\/#website\",\"url\":\"https:\/\/www.caberg.it\/mondo-caberg\/\",\"name\":\"Caberg World\",\"description\":\"I consigli e le notizie ufficiali dal mondo Caberg\",\"potentialAction\":[{\"@type\":\"SearchAction\",\"target\":{\"@type\":\"EntryPoint\",\"urlTemplate\":\"https:\/\/www.caberg.it\/mondo-caberg\/?s={search_term_string}\"},\"query-input\":{\"@type\":\"PropertyValueSpecification\",\"valueRequired\":true,\"valueName\":\"search_term_string\"}}],\"inLanguage\":\"it-IT\"},{\"@type\":\"Person\",\"@id\":\"https:\/\/www.caberg.it\/mondo-caberg\/#\/schema\/person\/732825cb1b782bb1736f9087ba61f98e\",\"name\":\"ecommerce@videocomp.it\",\"image\":{\"@type\":\"ImageObject\",\"inLanguage\":\"it-IT\",\"@id\":\"https:\/\/www.caberg.it\/mondo-caberg\/#\/schema\/person\/image\/\",\"url\":\"https:\/\/secure.gravatar.com\/avatar\/c35679d1bc817ac1daf9fdc2a38aed21a1251d8b51433e7153fafb4225544ebb?s=96&d=mm&r=g\",\"contentUrl\":\"https:\/\/secure.gravatar.com\/avatar\/c35679d1bc817ac1daf9fdc2a38aed21a1251d8b51433e7153fafb4225544ebb?s=96&d=mm&r=g\",\"caption\":\"ecommerce@videocomp.it\"},\"sameAs\":[\"http:\/\/www.caberg.it\/mondo-caberg\"],\"url\":\"https:\/\/www.caberg.it\/mondo-caberg\/author\/ecommercevideocomp-it\/\"}]}<\/script>\n<!-- \/ Yoast SEO plugin. -->","yoast_head_json":{"title":"La moto, la meta 2019 - Caberg World","robots":{"index":"index","follow":"follow","max-snippet":"max-snippet:-1","max-image-preview":"max-image-preview:large","max-video-preview":"max-video-preview:-1"},"canonical":"https:\/\/www.caberg.it\/mondo-caberg\/2019\/05\/21\/la-moto-la-meta-2019\/","og_locale":"it_IT","og_type":"article","og_title":"La moto, la meta 2019 - Caberg World","og_description":"Caberg si occuper\u00e0 della nostra sicurezza attraverso due bellissimi LEVO che ci accompagneranno in questa nuova avventura!","og_url":"https:\/\/www.caberg.it\/mondo-caberg\/2019\/05\/21\/la-moto-la-meta-2019\/","og_site_name":"Caberg World","article_publisher":"https:\/\/www.facebook.com\/Caberg-Helmets-867297310082417\/","article_published_time":"2019-05-21T14:39:10+00:00","article_modified_time":"2021-11-10T10:17:38+00:00","og_image":[{"width":800,"height":466,"url":"https:\/\/www.caberg.it\/mondo-caberg\/wp-content\/uploads\/2021\/10\/257_lamotolameta1.png","type":"image\/png"}],"author":"ecommerce@videocomp.it","twitter_card":"summary_large_image","twitter_misc":{"Scritto da":"ecommerce@videocomp.it","Tempo di lettura stimato":"2 minuti"},"schema":{"@context":"https:\/\/schema.org","@graph":[{"@type":"WebPage","@id":"https:\/\/www.caberg.it\/mondo-caberg\/2019\/05\/21\/la-moto-la-meta-2019\/","url":"https:\/\/www.caberg.it\/mondo-caberg\/2019\/05\/21\/la-moto-la-meta-2019\/","name":"La moto, la meta 2019 - Caberg World","isPartOf":{"@id":"https:\/\/www.caberg.it\/mondo-caberg\/#website"},"primaryImageOfPage":{"@id":"https:\/\/www.caberg.it\/mondo-caberg\/2019\/05\/21\/la-moto-la-meta-2019\/#primaryimage"},"image":{"@id":"https:\/\/www.caberg.it\/mondo-caberg\/2019\/05\/21\/la-moto-la-meta-2019\/#primaryimage"},"thumbnailUrl":"https:\/\/www.caberg.it\/mondo-caberg\/wp-content\/uploads\/2021\/10\/257_lamotolameta1.png","datePublished":"2019-05-21T14:39:10+00:00","dateModified":"2021-11-10T10:17:38+00:00","author":{"@id":"https:\/\/www.caberg.it\/mondo-caberg\/#\/schema\/person\/732825cb1b782bb1736f9087ba61f98e"},"breadcrumb":{"@id":"https:\/\/www.caberg.it\/mondo-caberg\/2019\/05\/21\/la-moto-la-meta-2019\/#breadcrumb"},"inLanguage":"it-IT","potentialAction":[{"@type":"ReadAction","target":["https:\/\/www.caberg.it\/mondo-caberg\/2019\/05\/21\/la-moto-la-meta-2019\/"]}]},{"@type":"ImageObject","inLanguage":"it-IT","@id":"https:\/\/www.caberg.it\/mondo-caberg\/2019\/05\/21\/la-moto-la-meta-2019\/#primaryimage","url":"https:\/\/www.caberg.it\/mondo-caberg\/wp-content\/uploads\/2021\/10\/257_lamotolameta1.png","contentUrl":"https:\/\/www.caberg.it\/mondo-caberg\/wp-content\/uploads\/2021\/10\/257_lamotolameta1.png","width":800,"height":466},{"@type":"BreadcrumbList","@id":"https:\/\/www.caberg.it\/mondo-caberg\/2019\/05\/21\/la-moto-la-meta-2019\/#breadcrumb","itemListElement":[{"@type":"ListItem","position":1,"name":"Home","item":"https:\/\/www.caberg.it\/mondo-caberg\/"},{"@type":"ListItem","position":2,"name":"La moto, la meta 2019"}]},{"@type":"WebSite","@id":"https:\/\/www.caberg.it\/mondo-caberg\/#website","url":"https:\/\/www.caberg.it\/mondo-caberg\/","name":"Caberg World","description":"I consigli e le notizie ufficiali dal mondo Caberg","potentialAction":[{"@type":"SearchAction","target":{"@type":"EntryPoint","urlTemplate":"https:\/\/www.caberg.it\/mondo-caberg\/?s={search_term_string}"},"query-input":{"@type":"PropertyValueSpecification","valueRequired":true,"valueName":"search_term_string"}}],"inLanguage":"it-IT"},{"@type":"Person","@id":"https:\/\/www.caberg.it\/mondo-caberg\/#\/schema\/person\/732825cb1b782bb1736f9087ba61f98e","name":"ecommerce@videocomp.it","image":{"@type":"ImageObject","inLanguage":"it-IT","@id":"https:\/\/www.caberg.it\/mondo-caberg\/#\/schema\/person\/image\/","url":"https:\/\/secure.gravatar.com\/avatar\/c35679d1bc817ac1daf9fdc2a38aed21a1251d8b51433e7153fafb4225544ebb?s=96&d=mm&r=g","contentUrl":"https:\/\/secure.gravatar.com\/avatar\/c35679d1bc817ac1daf9fdc2a38aed21a1251d8b51433e7153fafb4225544ebb?s=96&d=mm&r=g","caption":"ecommerce@videocomp.it"},"sameAs":["http:\/\/www.caberg.it\/mondo-caberg"],"url":"https:\/\/www.caberg.it\/mondo-caberg\/author\/ecommercevideocomp-it\/"}]}},"_links":{"self":[{"href":"https:\/\/www.caberg.it\/mondo-caberg\/wp-json\/wp\/v2\/posts\/536","targetHints":{"allow":["GET"]}}],"collection":[{"href":"https:\/\/www.caberg.it\/mondo-caberg\/wp-json\/wp\/v2\/posts"}],"about":[{"href":"https:\/\/www.caberg.it\/mondo-caberg\/wp-json\/wp\/v2\/types\/post"}],"author":[{"embeddable":true,"href":"https:\/\/www.caberg.it\/mondo-caberg\/wp-json\/wp\/v2\/users\/1"}],"replies":[{"embeddable":true,"href":"https:\/\/www.caberg.it\/mondo-caberg\/wp-json\/wp\/v2\/comments?post=536"}],"version-history":[{"count":1,"href":"https:\/\/www.caberg.it\/mondo-caberg\/wp-json\/wp\/v2\/posts\/536\/revisions"}],"predecessor-version":[{"id":1021,"href":"https:\/\/www.caberg.it\/mondo-caberg\/wp-json\/wp\/v2\/posts\/536\/revisions\/1021"}],"wp:featuredmedia":[{"embeddable":true,"href":"https:\/\/www.caberg.it\/mondo-caberg\/wp-json\/wp\/v2\/media\/537"}],"wp:attachment":[{"href":"https:\/\/www.caberg.it\/mondo-caberg\/wp-json\/wp\/v2\/media?parent=536"}],"wp:term":[{"taxonomy":"category","embeddable":true,"href":"https:\/\/www.caberg.it\/mondo-caberg\/wp-json\/wp\/v2\/categories?post=536"},{"taxonomy":"post_tag","embeddable":true,"href":"https:\/\/www.caberg.it\/mondo-caberg\/wp-json\/wp\/v2\/tags?post=536"}],"curies":[{"name":"wp","href":"https:\/\/api.w.org\/{rel}","templated":true}]}}