{"id":2954,"date":"2023-07-12T16:41:45","date_gmt":"2023-07-12T14:41:45","guid":{"rendered":"https:\/\/www.caberg.it\/mondo-caberg\/?p=2954"},"modified":"2023-07-12T17:15:07","modified_gmt":"2023-07-12T15:15:07","slug":"flyon-ii-il-nuovo-casco-aperto-top-di-gamma-di-caberg","status":"publish","type":"post","link":"https:\/\/www.caberg.it\/mondo-caberg\/2023\/07\/12\/flyon-ii-il-nuovo-casco-aperto-top-di-gamma-di-caberg\/","title":{"rendered":"FLYON II: il nuovo casco aperto top di gamma di Caberg"},"content":{"rendered":"<p><img loading=\"lazy\" decoding=\"async\" class=\"alignnone wp-image-2955 size-full\" src=\"https:\/\/www.caberg.it\/mondo-caberg\/wp-content\/uploads\/2023\/07\/Copertina-flyon-II.jpg\" alt=\"FLYON II: il nuovo casco aperto top di gamma di Caberg \" width=\"800\" height=\"533\" srcset=\"https:\/\/www.caberg.it\/mondo-caberg\/wp-content\/uploads\/2023\/07\/Copertina-flyon-II.jpg 800w, https:\/\/www.caberg.it\/mondo-caberg\/wp-content\/uploads\/2023\/07\/Copertina-flyon-II-300x200.jpg 300w\" sizes=\"auto, (max-width: 800px) 100vw, 800px\" \/><\/p>\n<p>Un casco aperto, o jet, \u00e8 un casco pratico, che viene solitamente associato all\u2019utilizzo in contesti urbani e\/o per brevi spostamenti quotidiani. Scegliere un casco aperto pu\u00f2, per\u00f2, essere una comodit\u00e0 anche in caso di viaggi di piacere o di tragitti comunque superiori al semplice spostamento casa-lavoro.<\/p>\n<p>Ami uscire dal lavoro e partire direttamente verso le tue zone preferite, per goderti le serate estive in sella alla tua moto? Anche per i tuoi weekend fuori porta preferisci la comodit\u00e0 di un casco aperto? Vorresti un casco confortevole da utilizzare sia con lo scooter che utilizzi in settimana, sia con la moto con cui ti sposti il sabato e la domenica?<\/p>\n<p>Se quello che cerchi \u00e8 <strong>un casco versatile, che unisca praticit\u00e0 di utilizzo, soluzioni tecniche all\u2019avanguardia e la sicurezza dell\u2019omologazione ECE 22.06<\/strong>, il <strong>nuovo jet <\/strong><a href=\"https:\/\/www.caberg.it\/caschi\/jet\/flyon-ii\"><strong>FLYON II<\/strong><\/a> \u00e8 proprio quello che fa per te.<\/p>\n<p>Scopriamo insieme qualcosa di pi\u00f9 su questo nuovo modello Caberg.<\/p>\n<figure id=\"attachment_2957\" aria-describedby=\"caption-attachment-2957\" style=\"width: 400px\" class=\"wp-caption alignnone\"><img loading=\"lazy\" decoding=\"async\" class=\"wp-image-2957\" src=\"https:\/\/www.caberg.it\/mondo-caberg\/wp-content\/uploads\/2023\/07\/Flyon-II-Boss-Matt-Black-Grey-Yellow-Fluo-profile.jpg\" alt=\"Il nuovo casco aperto FLYON II di Caberg\" width=\"400\" height=\"400\" srcset=\"https:\/\/www.caberg.it\/mondo-caberg\/wp-content\/uploads\/2023\/07\/Flyon-II-Boss-Matt-Black-Grey-Yellow-Fluo-profile.jpg 600w, https:\/\/www.caberg.it\/mondo-caberg\/wp-content\/uploads\/2023\/07\/Flyon-II-Boss-Matt-Black-Grey-Yellow-Fluo-profile-300x300.jpg 300w, https:\/\/www.caberg.it\/mondo-caberg\/wp-content\/uploads\/2023\/07\/Flyon-II-Boss-Matt-Black-Grey-Yellow-Fluo-profile-150x150.jpg 150w\" sizes=\"auto, (max-width: 400px) 100vw, 400px\" \/><figcaption id=\"caption-attachment-2957\" class=\"wp-caption-text\">Il nuovo casco aperto FLYON II di Caberg<\/figcaption><\/figure>\n<h2><strong>FLYON II: il casco aperto dal comfort impareggiabile <\/strong><\/h2>\n<p>Se avete gi\u00e0 avuto a che fare con i caschi Caberg, forse il nome \u201cFLYON\u201d non vi sar\u00e0 nuovo.<\/p>\n<p><a href=\"https:\/\/www.caberg.it\/caschi\/jet\/flyon-ii\"><strong>FLYON II<\/strong><\/a><strong> \u00e8<\/strong>, infatti, <strong>l\u2019evoluzione del modello FLYON, casco introdotto da Caberg nel 2020<\/strong>.<\/p>\n<p>Il casco FLYON \u00e8 nato dall\u2019idea di <strong>rispondere alle esigenze di tutti quei motociclisti che non vogliono rinunciare a comfort e cura dei dettagli, anche quando scelgono un jet<\/strong>.<\/p>\n<p>Questo spirito viene mantenuto dal nuovo FLYON II, che si presenta come ancora pi\u00f9 confortevole e all\u2019avanguardia.<\/p>\n<p>Rispetto al modello precedente, <strong>FLYON II<\/strong> presenta le calotte interna ed esterna completamente rinnovate, con l\u2019<strong>aggiunta di un piccolo spoiler posteriore e di due aperture sul retro della calotta<\/strong>, per l\u2019estrazione dell\u2019aria calda.<\/p>\n<p>FLYON II mantiene, invece, una delle caratteristiche pi\u00f9 riconoscibili del suo predecessore: l\u2019<strong>ampia visiera esterna<\/strong>, in grado di proteggere tutto il viso e parte del collo.<\/p>\n<p>Anche in questo caso, assistiamo per\u00f2 a un miglioramento: la visiera \u00e8 ora <strong>trattata per impedire la formazione di graffi e di appannamento<\/strong>. In questo modo, viene garantita al motociclista una perfetta visibilit\u00e0, in ogni condizione metereologica.<\/p>\n<p>Il blocco visiera, posizionato sul lato sinistro, previene inoltre possibili aperture accidentali, anche in caso di velocit\u00e0 sostenuta.<\/p>\n<figure id=\"attachment_2959\" aria-describedby=\"caption-attachment-2959\" style=\"width: 400px\" class=\"wp-caption alignnone\"><img loading=\"lazy\" decoding=\"async\" class=\"wp-image-2959 size-full\" src=\"https:\/\/www.caberg.it\/mondo-caberg\/wp-content\/uploads\/2023\/07\/ampia-visiera-flyon-2.jpg\" alt=\"la visiera di FLYON II\" width=\"400\" height=\"250\" srcset=\"https:\/\/www.caberg.it\/mondo-caberg\/wp-content\/uploads\/2023\/07\/ampia-visiera-flyon-2.jpg 400w, https:\/\/www.caberg.it\/mondo-caberg\/wp-content\/uploads\/2023\/07\/ampia-visiera-flyon-2-300x188.jpg 300w\" sizes=\"auto, (max-width: 400px) 100vw, 400px\" \/><figcaption id=\"caption-attachment-2959\" class=\"wp-caption-text\">L\u2019ampia visiera di FLYON II<\/figcaption><\/figure>\n<p>&nbsp;<\/p>\n<p>La presenza di una <strong>visiera parasole integrata<\/strong> offre inoltre protezione nelle giornate di sole, in cui la luce \u00e8 particolarmente intensa.<\/p>\n<figure id=\"attachment_2961\" aria-describedby=\"caption-attachment-2961\" style=\"width: 400px\" class=\"wp-caption alignnone\"><img loading=\"lazy\" decoding=\"async\" class=\"wp-image-2961\" src=\"https:\/\/www.caberg.it\/mondo-caberg\/wp-content\/uploads\/2023\/07\/Flyon-II-Carbon-profile.jpg\" alt=\"Visiera esterna e parasole di FLYON II\" width=\"400\" height=\"400\" srcset=\"https:\/\/www.caberg.it\/mondo-caberg\/wp-content\/uploads\/2023\/07\/Flyon-II-Carbon-profile.jpg 600w, https:\/\/www.caberg.it\/mondo-caberg\/wp-content\/uploads\/2023\/07\/Flyon-II-Carbon-profile-300x300.jpg 300w, https:\/\/www.caberg.it\/mondo-caberg\/wp-content\/uploads\/2023\/07\/Flyon-II-Carbon-profile-150x150.jpg 150w\" sizes=\"auto, (max-width: 400px) 100vw, 400px\" \/><figcaption id=\"caption-attachment-2961\" class=\"wp-caption-text\">Visiera esterna e visiera parasole di FLYON II<\/figcaption><\/figure>\n<p>FLYON II \u00e8 <strong>realizzato in due diverse taglie di calotta<\/strong>, per garantire una migliore corrispondenza tra il volume del casco e la taglia del motociclista. <strong>Pu\u00f2<\/strong>, inoltre,<strong> essere equipaggiato con il comunicatore CABERG PRO SPEAK EVO<\/strong>.<br \/>\nGli <strong>interni <\/strong>sono <strong>realizzati con tessuti traspiranti e anallergici e<\/strong> sono <strong>completamente rimovibili<\/strong>, per poter essere lavati.<\/p>\n<p>Tutte le sue caratteristiche hanno fatto s\u00ec che, come gi\u00e0 accennato all\u2019inizio di questo articolo, FLYON II abbia <strong>superato tutte le prove richieste dalla nuova normativa ECE 22.06<\/strong>, anche con il comunicatore PRO SPEAK EVO montato all\u2019interno del casco.<\/p>\n<p>Dunque, cosa c\u2019\u00e8 di meglio di viaggiare in pieno comfort e con la sicurezza dell\u2019omologazione ECE 22.06?<\/p>\n<h2><strong>Non solo praticit\u00e0: scopri le grafiche del casco FLYON II<\/strong><\/h2>\n<p>Se le caratteristiche tecniche e di sicurezza sono fondamentali per la scelta di un casco, sappiamo per\u00f2 benissimo che anche l\u2019occhio vuole la sua parte.<br \/>\nConfortevole, sicuro e curato in ogni dettaglio, il jet <strong>FLYON II non trascura<\/strong> infatti <strong>l\u2019aspetto estetico<\/strong>.<\/p>\n<p>FLYON II \u00e8, in particolare, disponibile nelle seguenti <strong>versioni<\/strong>:<\/p>\n<ul>\n<li><strong>Monocolore<\/strong> (in 3 diverse colorazioni);<\/li>\n<\/ul>\n<p><img loading=\"lazy\" decoding=\"async\" class=\"alignnone wp-image-2969\" src=\"https:\/\/www.caberg.it\/mondo-caberg\/wp-content\/uploads\/2023\/07\/flyon2-colorazioni-1-ITA.png\" alt=\"nuovo casco aperto Flyon II monocolore\" width=\"600\" height=\"209\" srcset=\"https:\/\/www.caberg.it\/mondo-caberg\/wp-content\/uploads\/2023\/07\/flyon2-colorazioni-1-ITA.png 1840w, https:\/\/www.caberg.it\/mondo-caberg\/wp-content\/uploads\/2023\/07\/flyon2-colorazioni-1-ITA-300x104.png 300w, https:\/\/www.caberg.it\/mondo-caberg\/wp-content\/uploads\/2023\/07\/flyon2-colorazioni-1-ITA-1024x356.png 1024w\" sizes=\"auto, (max-width: 600px) 100vw, 600px\" \/><\/p>\n<ul>\n<li><strong>Boss<\/strong> (in 4 combinazioni cromatiche)<\/li>\n<\/ul>\n<p><img loading=\"lazy\" decoding=\"async\" class=\"alignnone wp-image-2971\" src=\"https:\/\/www.caberg.it\/mondo-caberg\/wp-content\/uploads\/2023\/07\/flyon2-colorazioni-2-ITA.png\" alt=\"Flyon II Boss\" width=\"800\" height=\"210\" srcset=\"https:\/\/www.caberg.it\/mondo-caberg\/wp-content\/uploads\/2023\/07\/flyon2-colorazioni-2-ITA.png 2440w, https:\/\/www.caberg.it\/mondo-caberg\/wp-content\/uploads\/2023\/07\/flyon2-colorazioni-2-ITA-300x79.png 300w, https:\/\/www.caberg.it\/mondo-caberg\/wp-content\/uploads\/2023\/07\/flyon2-colorazioni-2-ITA-1024x269.png 1024w\" sizes=\"auto, (max-width: 800px) 100vw, 800px\" \/><\/p>\n<ul>\n<li><strong>Carbon<\/strong>, con calotta in carbonio con finitura lucida.<\/li>\n<\/ul>\n<p><img loading=\"lazy\" decoding=\"async\" class=\"alignnone wp-image-2973\" src=\"https:\/\/www.caberg.it\/mondo-caberg\/wp-content\/uploads\/2023\/07\/flyon-2-carbon-ITA.png\" alt=\"Flyon II Carbon\" width=\"200\" height=\"200\" srcset=\"https:\/\/www.caberg.it\/mondo-caberg\/wp-content\/uploads\/2023\/07\/flyon-2-carbon-ITA.png 640w, https:\/\/www.caberg.it\/mondo-caberg\/wp-content\/uploads\/2023\/07\/flyon-2-carbon-ITA-300x300.png 300w, https:\/\/www.caberg.it\/mondo-caberg\/wp-content\/uploads\/2023\/07\/flyon-2-carbon-ITA-150x150.png 150w\" sizes=\"auto, (max-width: 200px) 100vw, 200px\" \/><\/p>\n<p>Allora, dicci un po\u2019: hai gi\u00e0 scelto la tua preferita?<\/p>\n<p>Scopri tutte le caratteristiche del nuovo casco aperto FLYON II e tutte le versioni disponibili: <a href=\"https:\/\/www.caberg.it\/caschi\/jet\/flyon-ii\">https:\/\/www.caberg.it\/caschi\/jet\/flyon-ii<\/a><\/p>\n<p>Interessato ai caschi Caberg? Dai un\u2019occhiata a tutti i modelli disponibili: <a href=\"https:\/\/www.caberg.it\/caschi\/\">https:\/\/www.caberg.it\/caschi\/<\/a><\/p>\n","protected":false},"excerpt":{"rendered":"<p>Un casco aperto, o jet, \u00e8 un casco pratico, che viene solitamente associato all\u2019utilizzo in contesti urbani e\/o per brevi spostamenti quotidiani. Scegliere un casco aperto pu\u00f2, per\u00f2, essere una comodit\u00e0 anche in caso di viaggi di piacere o di tragitti comunque superiori al semplice spostamento casa-lavoro.<\/p>\n","protected":false},"author":1,"featured_media":2955,"comment_status":"open","ping_status":"open","sticky":false,"template":"","format":"standard","meta":{"_acf_changed":false,"footnotes":""},"categories":[2],"tags":[],"class_list":["post-2954","post","type-post","status-publish","format-standard","has-post-thumbnail","hentry","category-caschi"],"acf":[],"yoast_head":"<!-- This site is optimized with the Yoast SEO plugin v26.4 - https:\/\/yoast.com\/wordpress\/plugins\/seo\/ -->\n<title>FLYON II: il nuovo casco aperto top di gamma di Caberg - Caberg World<\/title>\n<meta name=\"description\" content=\"Se quello cerchi un casco versatile, pratico e omologato ECE 22.06, il nuovo casco aperto FLYON II \u00e8 proprio quello che fa per te.\" \/>\n<meta name=\"robots\" content=\"index, follow, max-snippet:-1, max-image-preview:large, max-video-preview:-1\" \/>\n<link rel=\"canonical\" href=\"https:\/\/www.caberg.it\/mondo-caberg\/2023\/07\/12\/flyon-ii-il-nuovo-casco-aperto-top-di-gamma-di-caberg\/\" \/>\n<meta property=\"og:locale\" content=\"it_IT\" \/>\n<meta property=\"og:type\" content=\"article\" \/>\n<meta property=\"og:title\" content=\"FLYON II: il nuovo casco aperto top di gamma di Caberg - Caberg World\" \/>\n<meta property=\"og:description\" content=\"Se quello cerchi un casco versatile, pratico e omologato ECE 22.06, il nuovo casco aperto FLYON II \u00e8 proprio quello che fa per te.\" \/>\n<meta property=\"og:url\" content=\"https:\/\/www.caberg.it\/mondo-caberg\/2023\/07\/12\/flyon-ii-il-nuovo-casco-aperto-top-di-gamma-di-caberg\/\" \/>\n<meta property=\"og:site_name\" content=\"Caberg World\" \/>\n<meta property=\"article:publisher\" content=\"https:\/\/www.facebook.com\/Caberg-Helmets-867297310082417\/\" \/>\n<meta property=\"article:published_time\" content=\"2023-07-12T14:41:45+00:00\" \/>\n<meta property=\"article:modified_time\" content=\"2023-07-12T15:15:07+00:00\" \/>\n<meta property=\"og:image\" content=\"https:\/\/www.caberg.it\/mondo-caberg\/wp-content\/uploads\/2023\/07\/Copertina-flyon-II.jpg\" \/>\n\t<meta property=\"og:image:width\" content=\"800\" \/>\n\t<meta property=\"og:image:height\" content=\"533\" \/>\n\t<meta property=\"og:image:type\" content=\"image\/jpeg\" \/>\n<meta name=\"author\" content=\"ecommerce@videocomp.it\" \/>\n<meta name=\"twitter:card\" content=\"summary_large_image\" \/>\n<meta name=\"twitter:label1\" content=\"Scritto da\" \/>\n\t<meta name=\"twitter:data1\" content=\"ecommerce@videocomp.it\" \/>\n\t<meta name=\"twitter:label2\" content=\"Tempo di lettura stimato\" \/>\n\t<meta name=\"twitter:data2\" content=\"5 minuti\" \/>\n<script type=\"application\/ld+json\" class=\"yoast-schema-graph\">{\"@context\":\"https:\/\/schema.org\",\"@graph\":[{\"@type\":\"WebPage\",\"@id\":\"https:\/\/www.caberg.it\/mondo-caberg\/2023\/07\/12\/flyon-ii-il-nuovo-casco-aperto-top-di-gamma-di-caberg\/\",\"url\":\"https:\/\/www.caberg.it\/mondo-caberg\/2023\/07\/12\/flyon-ii-il-nuovo-casco-aperto-top-di-gamma-di-caberg\/\",\"name\":\"FLYON II: il nuovo casco aperto top di gamma di Caberg - Caberg World\",\"isPartOf\":{\"@id\":\"https:\/\/www.caberg.it\/mondo-caberg\/#website\"},\"primaryImageOfPage\":{\"@id\":\"https:\/\/www.caberg.it\/mondo-caberg\/2023\/07\/12\/flyon-ii-il-nuovo-casco-aperto-top-di-gamma-di-caberg\/#primaryimage\"},\"image\":{\"@id\":\"https:\/\/www.caberg.it\/mondo-caberg\/2023\/07\/12\/flyon-ii-il-nuovo-casco-aperto-top-di-gamma-di-caberg\/#primaryimage\"},\"thumbnailUrl\":\"https:\/\/www.caberg.it\/mondo-caberg\/wp-content\/uploads\/2023\/07\/Copertina-flyon-II.jpg\",\"datePublished\":\"2023-07-12T14:41:45+00:00\",\"dateModified\":\"2023-07-12T15:15:07+00:00\",\"author\":{\"@id\":\"https:\/\/www.caberg.it\/mondo-caberg\/#\/schema\/person\/732825cb1b782bb1736f9087ba61f98e\"},\"description\":\"Se quello cerchi un casco versatile, pratico e omologato ECE 22.06, il nuovo casco aperto FLYON II \u00e8 proprio quello che fa per te.\",\"breadcrumb\":{\"@id\":\"https:\/\/www.caberg.it\/mondo-caberg\/2023\/07\/12\/flyon-ii-il-nuovo-casco-aperto-top-di-gamma-di-caberg\/#breadcrumb\"},\"inLanguage\":\"it-IT\",\"potentialAction\":[{\"@type\":\"ReadAction\",\"target\":[\"https:\/\/www.caberg.it\/mondo-caberg\/2023\/07\/12\/flyon-ii-il-nuovo-casco-aperto-top-di-gamma-di-caberg\/\"]}]},{\"@type\":\"ImageObject\",\"inLanguage\":\"it-IT\",\"@id\":\"https:\/\/www.caberg.it\/mondo-caberg\/2023\/07\/12\/flyon-ii-il-nuovo-casco-aperto-top-di-gamma-di-caberg\/#primaryimage\",\"url\":\"https:\/\/www.caberg.it\/mondo-caberg\/wp-content\/uploads\/2023\/07\/Copertina-flyon-II.jpg\",\"contentUrl\":\"https:\/\/www.caberg.it\/mondo-caberg\/wp-content\/uploads\/2023\/07\/Copertina-flyon-II.jpg\",\"width\":800,\"height\":533,\"caption\":\"nuovo casco aperto Flyon II\"},{\"@type\":\"BreadcrumbList\",\"@id\":\"https:\/\/www.caberg.it\/mondo-caberg\/2023\/07\/12\/flyon-ii-il-nuovo-casco-aperto-top-di-gamma-di-caberg\/#breadcrumb\",\"itemListElement\":[{\"@type\":\"ListItem\",\"position\":1,\"name\":\"Home\",\"item\":\"https:\/\/www.caberg.it\/mondo-caberg\/\"},{\"@type\":\"ListItem\",\"position\":2,\"name\":\"FLYON II: il nuovo casco aperto top di gamma di Caberg\"}]},{\"@type\":\"WebSite\",\"@id\":\"https:\/\/www.caberg.it\/mondo-caberg\/#website\",\"url\":\"https:\/\/www.caberg.it\/mondo-caberg\/\",\"name\":\"Caberg World\",\"description\":\"I consigli e le notizie ufficiali dal mondo Caberg\",\"potentialAction\":[{\"@type\":\"SearchAction\",\"target\":{\"@type\":\"EntryPoint\",\"urlTemplate\":\"https:\/\/www.caberg.it\/mondo-caberg\/?s={search_term_string}\"},\"query-input\":{\"@type\":\"PropertyValueSpecification\",\"valueRequired\":true,\"valueName\":\"search_term_string\"}}],\"inLanguage\":\"it-IT\"},{\"@type\":\"Person\",\"@id\":\"https:\/\/www.caberg.it\/mondo-caberg\/#\/schema\/person\/732825cb1b782bb1736f9087ba61f98e\",\"name\":\"ecommerce@videocomp.it\",\"image\":{\"@type\":\"ImageObject\",\"inLanguage\":\"it-IT\",\"@id\":\"https:\/\/www.caberg.it\/mondo-caberg\/#\/schema\/person\/image\/\",\"url\":\"https:\/\/secure.gravatar.com\/avatar\/c35679d1bc817ac1daf9fdc2a38aed21a1251d8b51433e7153fafb4225544ebb?s=96&d=mm&r=g\",\"contentUrl\":\"https:\/\/secure.gravatar.com\/avatar\/c35679d1bc817ac1daf9fdc2a38aed21a1251d8b51433e7153fafb4225544ebb?s=96&d=mm&r=g\",\"caption\":\"ecommerce@videocomp.it\"},\"sameAs\":[\"http:\/\/www.caberg.it\/mondo-caberg\"],\"url\":\"https:\/\/www.caberg.it\/mondo-caberg\/author\/ecommercevideocomp-it\/\"}]}<\/script>\n<!-- \/ Yoast SEO plugin. -->","yoast_head_json":{"title":"FLYON II: il nuovo casco aperto top di gamma di Caberg - Caberg World","description":"Se quello cerchi un casco versatile, pratico e omologato ECE 22.06, il nuovo casco aperto FLYON II \u00e8 proprio quello che fa per te.","robots":{"index":"index","follow":"follow","max-snippet":"max-snippet:-1","max-image-preview":"max-image-preview:large","max-video-preview":"max-video-preview:-1"},"canonical":"https:\/\/www.caberg.it\/mondo-caberg\/2023\/07\/12\/flyon-ii-il-nuovo-casco-aperto-top-di-gamma-di-caberg\/","og_locale":"it_IT","og_type":"article","og_title":"FLYON II: il nuovo casco aperto top di gamma di Caberg - Caberg World","og_description":"Se quello cerchi un casco versatile, pratico e omologato ECE 22.06, il nuovo casco aperto FLYON II \u00e8 proprio quello che fa per te.","og_url":"https:\/\/www.caberg.it\/mondo-caberg\/2023\/07\/12\/flyon-ii-il-nuovo-casco-aperto-top-di-gamma-di-caberg\/","og_site_name":"Caberg World","article_publisher":"https:\/\/www.facebook.com\/Caberg-Helmets-867297310082417\/","article_published_time":"2023-07-12T14:41:45+00:00","article_modified_time":"2023-07-12T15:15:07+00:00","og_image":[{"width":800,"height":533,"url":"https:\/\/www.caberg.it\/mondo-caberg\/wp-content\/uploads\/2023\/07\/Copertina-flyon-II.jpg","type":"image\/jpeg"}],"author":"ecommerce@videocomp.it","twitter_card":"summary_large_image","twitter_misc":{"Scritto da":"ecommerce@videocomp.it","Tempo di lettura stimato":"5 minuti"},"schema":{"@context":"https:\/\/schema.org","@graph":[{"@type":"WebPage","@id":"https:\/\/www.caberg.it\/mondo-caberg\/2023\/07\/12\/flyon-ii-il-nuovo-casco-aperto-top-di-gamma-di-caberg\/","url":"https:\/\/www.caberg.it\/mondo-caberg\/2023\/07\/12\/flyon-ii-il-nuovo-casco-aperto-top-di-gamma-di-caberg\/","name":"FLYON II: il nuovo casco aperto top di gamma di Caberg - Caberg World","isPartOf":{"@id":"https:\/\/www.caberg.it\/mondo-caberg\/#website"},"primaryImageOfPage":{"@id":"https:\/\/www.caberg.it\/mondo-caberg\/2023\/07\/12\/flyon-ii-il-nuovo-casco-aperto-top-di-gamma-di-caberg\/#primaryimage"},"image":{"@id":"https:\/\/www.caberg.it\/mondo-caberg\/2023\/07\/12\/flyon-ii-il-nuovo-casco-aperto-top-di-gamma-di-caberg\/#primaryimage"},"thumbnailUrl":"https:\/\/www.caberg.it\/mondo-caberg\/wp-content\/uploads\/2023\/07\/Copertina-flyon-II.jpg","datePublished":"2023-07-12T14:41:45+00:00","dateModified":"2023-07-12T15:15:07+00:00","author":{"@id":"https:\/\/www.caberg.it\/mondo-caberg\/#\/schema\/person\/732825cb1b782bb1736f9087ba61f98e"},"description":"Se quello cerchi un casco versatile, pratico e omologato ECE 22.06, il nuovo casco aperto FLYON II \u00e8 proprio quello che fa per te.","breadcrumb":{"@id":"https:\/\/www.caberg.it\/mondo-caberg\/2023\/07\/12\/flyon-ii-il-nuovo-casco-aperto-top-di-gamma-di-caberg\/#breadcrumb"},"inLanguage":"it-IT","potentialAction":[{"@type":"ReadAction","target":["https:\/\/www.caberg.it\/mondo-caberg\/2023\/07\/12\/flyon-ii-il-nuovo-casco-aperto-top-di-gamma-di-caberg\/"]}]},{"@type":"ImageObject","inLanguage":"it-IT","@id":"https:\/\/www.caberg.it\/mondo-caberg\/2023\/07\/12\/flyon-ii-il-nuovo-casco-aperto-top-di-gamma-di-caberg\/#primaryimage","url":"https:\/\/www.caberg.it\/mondo-caberg\/wp-content\/uploads\/2023\/07\/Copertina-flyon-II.jpg","contentUrl":"https:\/\/www.caberg.it\/mondo-caberg\/wp-content\/uploads\/2023\/07\/Copertina-flyon-II.jpg","width":800,"height":533,"caption":"nuovo casco aperto Flyon II"},{"@type":"BreadcrumbList","@id":"https:\/\/www.caberg.it\/mondo-caberg\/2023\/07\/12\/flyon-ii-il-nuovo-casco-aperto-top-di-gamma-di-caberg\/#breadcrumb","itemListElement":[{"@type":"ListItem","position":1,"name":"Home","item":"https:\/\/www.caberg.it\/mondo-caberg\/"},{"@type":"ListItem","position":2,"name":"FLYON II: il nuovo casco aperto top di gamma di Caberg"}]},{"@type":"WebSite","@id":"https:\/\/www.caberg.it\/mondo-caberg\/#website","url":"https:\/\/www.caberg.it\/mondo-caberg\/","name":"Caberg World","description":"I consigli e le notizie ufficiali dal mondo Caberg","potentialAction":[{"@type":"SearchAction","target":{"@type":"EntryPoint","urlTemplate":"https:\/\/www.caberg.it\/mondo-caberg\/?s={search_term_string}"},"query-input":{"@type":"PropertyValueSpecification","valueRequired":true,"valueName":"search_term_string"}}],"inLanguage":"it-IT"},{"@type":"Person","@id":"https:\/\/www.caberg.it\/mondo-caberg\/#\/schema\/person\/732825cb1b782bb1736f9087ba61f98e","name":"ecommerce@videocomp.it","image":{"@type":"ImageObject","inLanguage":"it-IT","@id":"https:\/\/www.caberg.it\/mondo-caberg\/#\/schema\/person\/image\/","url":"https:\/\/secure.gravatar.com\/avatar\/c35679d1bc817ac1daf9fdc2a38aed21a1251d8b51433e7153fafb4225544ebb?s=96&d=mm&r=g","contentUrl":"https:\/\/secure.gravatar.com\/avatar\/c35679d1bc817ac1daf9fdc2a38aed21a1251d8b51433e7153fafb4225544ebb?s=96&d=mm&r=g","caption":"ecommerce@videocomp.it"},"sameAs":["http:\/\/www.caberg.it\/mondo-caberg"],"url":"https:\/\/www.caberg.it\/mondo-caberg\/author\/ecommercevideocomp-it\/"}]}},"_links":{"self":[{"href":"https:\/\/www.caberg.it\/mondo-caberg\/wp-json\/wp\/v2\/posts\/2954","targetHints":{"allow":["GET"]}}],"collection":[{"href":"https:\/\/www.caberg.it\/mondo-caberg\/wp-json\/wp\/v2\/posts"}],"about":[{"href":"https:\/\/www.caberg.it\/mondo-caberg\/wp-json\/wp\/v2\/types\/post"}],"author":[{"embeddable":true,"href":"https:\/\/www.caberg.it\/mondo-caberg\/wp-json\/wp\/v2\/users\/1"}],"replies":[{"embeddable":true,"href":"https:\/\/www.caberg.it\/mondo-caberg\/wp-json\/wp\/v2\/comments?post=2954"}],"version-history":[{"count":4,"href":"https:\/\/www.caberg.it\/mondo-caberg\/wp-json\/wp\/v2\/posts\/2954\/revisions"}],"predecessor-version":[{"id":2987,"href":"https:\/\/www.caberg.it\/mondo-caberg\/wp-json\/wp\/v2\/posts\/2954\/revisions\/2987"}],"wp:featuredmedia":[{"embeddable":true,"href":"https:\/\/www.caberg.it\/mondo-caberg\/wp-json\/wp\/v2\/media\/2955"}],"wp:attachment":[{"href":"https:\/\/www.caberg.it\/mondo-caberg\/wp-json\/wp\/v2\/media?parent=2954"}],"wp:term":[{"taxonomy":"category","embeddable":true,"href":"https:\/\/www.caberg.it\/mondo-caberg\/wp-json\/wp\/v2\/categories?post=2954"},{"taxonomy":"post_tag","embeddable":true,"href":"https:\/\/www.caberg.it\/mondo-caberg\/wp-json\/wp\/v2\/tags?post=2954"}],"curies":[{"name":"wp","href":"https:\/\/api.w.org\/{rel}","templated":true}]}}