{"id":2803,"date":"2023-04-12T16:05:27","date_gmt":"2023-04-12T14:05:27","guid":{"rendered":"https:\/\/www.caberg.it\/mondo-caberg\/?p=2803"},"modified":"2023-04-12T16:52:34","modified_gmt":"2023-04-12T14:52:34","slug":"caschi-omologati-ece-22-06-significato-e-modelli-caberg","status":"publish","type":"post","link":"https:\/\/www.caberg.it\/mondo-caberg\/2023\/04\/12\/caschi-omologati-ece-22-06-significato-e-modelli-caberg\/","title":{"rendered":"Caschi omologati ECE 22.06: significato e modelli Caberg"},"content":{"rendered":"<p><img loading=\"lazy\" decoding=\"async\" class=\"alignnone wp-image-2805 size-full\" src=\"https:\/\/www.caberg.it\/mondo-caberg\/wp-content\/uploads\/2023\/04\/Copertina-articolo-caschi-omologati-ECE_proposta4.jpg\" alt=\"Casco caberg omologato ECE 22.06\" width=\"800\" height=\"533\" srcset=\"https:\/\/www.caberg.it\/mondo-caberg\/wp-content\/uploads\/2023\/04\/Copertina-articolo-caschi-omologati-ECE_proposta4.jpg 800w, https:\/\/www.caberg.it\/mondo-caberg\/wp-content\/uploads\/2023\/04\/Copertina-articolo-caschi-omologati-ECE_proposta4-300x200.jpg 300w\" sizes=\"auto, (max-width: 800px) 100vw, 800px\" \/><\/p>\n<p><em>La nuova normativa ECE 22.06 garantisce una sicurezza ancora maggiore per i caschi omologati. Scopriamone insieme le caratteristiche e i modelli Caberg disponibili.<\/em><\/p>\n<p>Per un motociclista appassionato, non c\u2019\u00e8 nulla di meglio di prendere la propria moto e partire. Capita anche a voi, mentre viaggiate, di pensare che le preoccupazioni di ogni giorno possano essere accantonate per un po\u2019? Quando guidate vi sentite finalmente e pienamente liberi?<\/p>\n<p>Affinch\u00e9 viaggiare in moto sia veramente e solamente un piacere, \u00e8 fondamentale per\u00f2 <strong>non trascurare mai la sicurezza<\/strong>.<\/p>\n<p>Nata nei primi anni 2000, la normativa<strong> ECE 22.05<\/strong> prevede l\u2019omologazione di nuovi modelli di casco a seguito di test effettuati sui caschi stessi. A partire dal gennaio 2021, \u00e8 per\u00f2 entrata in vigore la <strong>nuova normativa ECE 22.06<\/strong>. Vediamone insieme le caratteristiche e quali sono i modelli Caberg omologati.<\/p>\n<h2><strong>Da ECE 22.05 a ECE 22.06: che cosa cambia<\/strong><\/h2>\n<p>Passano gli anni e le caratteristiche dei caschi cambiano. Per questo motivo si \u00e8 sentita l\u2019esigenza di aggiornare la precedente normativa ECE 22.05 ed \u00e8 nata cos\u00ec <strong>l\u2019omologazione ECE 22.06<\/strong>.<\/p>\n<p><img loading=\"lazy\" decoding=\"async\" class=\"aligncenter wp-image-2705 size-full\" src=\"https:\/\/www.caberg.it\/mondo-caberg\/wp-content\/uploads\/2023\/03\/ece-2206-e1681309713132.png\" alt=\"\" width=\"200\" height=\"137\" \/><\/p>\n<p>Rispetto alla normativa precedente, <strong>la nuova ECE 22.06 prevede ulteriori requisiti e un numero maggiore di test.<\/strong> In questo modo \u00e8 possibile verificare la sicurezza del casco in diverse situazioni, che potrebbero verificarsi in caso di impatto.<\/p>\n<p>Partiamo dalla <strong>verifica dei punti di impatto<\/strong>. <strong>L\u2019omologazione ECE 22.05 prevedeva il controllo di 5 differenti punti<\/strong> sul casco:<\/p>\n<ul>\n<li>Parte frontale,<\/li>\n<li>Parte laterale,<\/li>\n<li>Parte superiore,<\/li>\n<li>Retro,<\/li>\n<li>Mentoniera.<\/li>\n<\/ul>\n<p>A questa verifica, <strong>la normativa ECE 22.06 ha aggiunto il controllo di altri 12 punti d\u2019impatto <\/strong>sulle linee mediane, intermedi rispetto ai punti gi\u00e0 testati in precedenza, effettuando cos\u00ec un esame ancora pi\u00f9 approfondito.<\/p>\n<p>Ulteriori innovazioni riguardano:<\/p>\n<ul>\n<li>Il nuovo <strong>test sull\u2019accelerazione rotazionale<\/strong>, che verifica cosa succede quando il casco impatta con oggetti provenienti da direzioni oblique;<\/li>\n<li>Il <strong>test d\u2019impatto lineare<\/strong> che, oltre alle prove alla velocit\u00e0 di 7,5 m\/s, prevede infatti ora un test per gli impatti lineari ad alta energia e uno per quelli a bassa energia;<\/li>\n<li><strong>Controlli aggiuntivi sui sistemi di ritenzione<\/strong>;<\/li>\n<li><strong>Ulteriore prova sulla visiera<\/strong>, per controllare che resista all\u2019impatto con particelle lanciate ad alta velocit\u00e0 (una biglia d\u2019acciaio lanciata alla velocit\u00e0 di 60 m\/s simula l\u2019impatto con un sassolino);<\/li>\n<li><strong>Verifiche specifiche per i caschi con omologazione P\/J<\/strong>: i caschi modulari devono superare tutti i test sia chiusi, sia aperti in configurazione jet;<\/li>\n<li><strong>Controllo degli accessori esterni <\/strong>in quanto i caschi devono rispettare quanto richiesto dalla normativa anche con gli accessori gi\u00e0 montati.<\/li>\n<\/ul>\n<h2><strong>Come capire se il casco \u00e8 omologato con la nuova normativa ECE 22.06?<\/strong><\/h2>\n<p>Verifica l\u2019etichetta omologativa presente sul cinturino del casco e, se le prime due cifre sono \u201c06\u201d, significa che il casco ha superato i test della nuova normativa. Se invece le cifre indicate sono \u201c05\u201d, significa che il casco \u00e8 ancora della precedente normativa.<\/p>\n<p><img loading=\"lazy\" decoding=\"async\" class=\"alignnone wp-image-2807\" src=\"https:\/\/www.caberg.it\/mondo-caberg\/wp-content\/uploads\/2023\/04\/ece-22.06-approved.jpg\" alt=\"quale omologazione ha il casco\" width=\"400\" height=\"561\" srcset=\"https:\/\/www.caberg.it\/mondo-caberg\/wp-content\/uploads\/2023\/04\/ece-22.06-approved.jpg 600w, https:\/\/www.caberg.it\/mondo-caberg\/wp-content\/uploads\/2023\/04\/ece-22.06-approved-214x300.jpg 214w\" sizes=\"auto, (max-width: 400px) 100vw, 400px\" \/><\/p>\n<h2><strong>I caschi Caberg omologati ECE 22.06<\/strong><\/h2>\n<p>Grazie a un moderno laboratorio certificato, <strong>Caberg \u00e8 in grado di eseguire al suo interno tutte le prove di routine richieste dalla normativa ECE 22.06<\/strong> ed eventuali test supplementari. In questo modo Caberg pu\u00f2 verificare direttamente e migliorare la sicurezza dei propri caschi.<\/p>\n<p>Vediamo ora insieme i caschi Caberg con omologazione ECE 22.06 e alcune delle loro principali caratteristiche.<\/p>\n<h3><strong>Caschi integrali omologati ECE 22.06<\/strong><\/h3>\n<p>Quando si parla di caschi, e ancora di pi\u00f9 di caschi integrali, la sicurezza viene sempre al primo posto. Sei alla ricerca di un <strong>casco integrale omologato ECE 22.06<\/strong>? \u00c8 il momento di scoprire il nuovissimo <a href=\"https:\/\/www.caberg.it\/caschi\/integrali\/avalon-x\"><strong>AVALON X<\/strong><\/a>.<\/p>\n<p>&nbsp;<\/p>\n<p><img loading=\"lazy\" decoding=\"async\" class=\"alignnone wp-image-2809\" src=\"https:\/\/www.caberg.it\/mondo-caberg\/wp-content\/uploads\/2023\/04\/Avalon-X-Punk-Matt-Black-Grey-Red-profile.jpg\" alt=\"AVALON X - integrale omologato ECE 22.06\" width=\"300\" height=\"300\" srcset=\"https:\/\/www.caberg.it\/mondo-caberg\/wp-content\/uploads\/2023\/04\/Avalon-X-Punk-Matt-Black-Grey-Red-profile.jpg 600w, https:\/\/www.caberg.it\/mondo-caberg\/wp-content\/uploads\/2023\/04\/Avalon-X-Punk-Matt-Black-Grey-Red-profile-300x300.jpg 300w, https:\/\/www.caberg.it\/mondo-caberg\/wp-content\/uploads\/2023\/04\/Avalon-X-Punk-Matt-Black-Grey-Red-profile-150x150.jpg 150w\" sizes=\"auto, (max-width: 300px) 100vw, 300px\" \/><\/p>\n<p><strong>Animo sportivo e ricche dotazioni<\/strong>, AVALON X \u00e8 disponibile nelle versioni monocolore e in diverse <strong>grafiche originali<\/strong>, tutte da scoprire, perfette per dare la giusta espressione al tuo animo da motociclista e per non passare inosservati.<\/p>\n<h3><strong>Caschi modulari omologati ECE 22.06<\/strong><\/h3>\n<p>Sei un appassionato di mototurismo alla ricerca del tuo <strong>nuovo casco modulare<\/strong>, rigorosamente dotato di doppia omologazione P\/J secondo gli standard ECE 22.06? Caberg ha a tua disposizione <strong>diversi modelli<\/strong>:<\/p>\n<ul>\n<li><a href=\"https:\/\/www.caberg.it\/caschi\/apribili\/levo-x\"><strong>LEVO X<\/strong><\/a>, il modulare top di gamma, con soluzioni tecniche all\u2019avanguardia;<\/li>\n<\/ul>\n<p><img loading=\"lazy\" decoding=\"async\" class=\"alignnone wp-image-2811\" src=\"https:\/\/www.caberg.it\/mondo-caberg\/wp-content\/uploads\/2023\/04\/Levo-X-Grey-Metal-3-4.jpg\" alt=\"modulare LEVO X\" width=\"300\" height=\"300\" srcset=\"https:\/\/www.caberg.it\/mondo-caberg\/wp-content\/uploads\/2023\/04\/Levo-X-Grey-Metal-3-4.jpg 600w, https:\/\/www.caberg.it\/mondo-caberg\/wp-content\/uploads\/2023\/04\/Levo-X-Grey-Metal-3-4-300x300.jpg 300w, https:\/\/www.caberg.it\/mondo-caberg\/wp-content\/uploads\/2023\/04\/Levo-X-Grey-Metal-3-4-150x150.jpg 150w\" sizes=\"auto, (max-width: 300px) 100vw, 300px\" \/><\/p>\n<ul>\n<li><a href=\"https:\/\/www.caberg.it\/caschi\/apribili\/horus-x\"><strong>HORUS X<\/strong><\/a>, modulare dalle linee eleganti, dotato di ampia visiera panoramica;<\/li>\n<\/ul>\n<p><img loading=\"lazy\" decoding=\"async\" class=\"alignnone wp-image-2813\" src=\"https:\/\/www.caberg.it\/mondo-caberg\/wp-content\/uploads\/2023\/04\/Horus-X-Road-Matt-Gun-Metal-Yellow-Fluo-Black-3-4.jpg\" alt=\"casco modulare HORUS X\" width=\"300\" height=\"300\" srcset=\"https:\/\/www.caberg.it\/mondo-caberg\/wp-content\/uploads\/2023\/04\/Horus-X-Road-Matt-Gun-Metal-Yellow-Fluo-Black-3-4.jpg 600w, https:\/\/www.caberg.it\/mondo-caberg\/wp-content\/uploads\/2023\/04\/Horus-X-Road-Matt-Gun-Metal-Yellow-Fluo-Black-3-4-300x300.jpg 300w, https:\/\/www.caberg.it\/mondo-caberg\/wp-content\/uploads\/2023\/04\/Horus-X-Road-Matt-Gun-Metal-Yellow-Fluo-Black-3-4-150x150.jpg 150w\" sizes=\"auto, (max-width: 300px) 100vw, 300px\" \/><\/p>\n<ul>\n<li><a href=\"https:\/\/www.caberg.it\/caschi\/apribili\/duke-evo\"><strong>DUKE EVO<\/strong><\/a>: con alto livello di sicurezza, linea aggressiva e ottimo rapporto qualit\u00e0\/prezzo;<\/li>\n<\/ul>\n<p><img loading=\"lazy\" decoding=\"async\" class=\"alignnone wp-image-2815\" src=\"https:\/\/www.caberg.it\/mondo-caberg\/wp-content\/uploads\/2023\/04\/Duke-Evo-Rusty-3-4.jpg\" alt=\"nuovo casco DUKE EVO\" width=\"300\" height=\"300\" srcset=\"https:\/\/www.caberg.it\/mondo-caberg\/wp-content\/uploads\/2023\/04\/Duke-Evo-Rusty-3-4.jpg 600w, https:\/\/www.caberg.it\/mondo-caberg\/wp-content\/uploads\/2023\/04\/Duke-Evo-Rusty-3-4-300x300.jpg 300w, https:\/\/www.caberg.it\/mondo-caberg\/wp-content\/uploads\/2023\/04\/Duke-Evo-Rusty-3-4-150x150.jpg 150w\" sizes=\"auto, (max-width: 300px) 100vw, 300px\" \/><\/p>\n<ul>\n<li><a href=\"https:\/\/www.caberg.it\/caschi\/apribili\/duke-x\"><strong>DUKE X<\/strong><\/a>: pratico da utilizzare e con un design accattivante;<\/li>\n<\/ul>\n<p><img loading=\"lazy\" decoding=\"async\" class=\"alignnone wp-image-2817\" src=\"https:\/\/www.caberg.it\/mondo-caberg\/wp-content\/uploads\/2023\/04\/Duke-X-Matt-Blue-Yama-3-4.jpg\" alt=\"casco DUKE X omologato ECE 22.06\" width=\"300\" height=\"300\" srcset=\"https:\/\/www.caberg.it\/mondo-caberg\/wp-content\/uploads\/2023\/04\/Duke-X-Matt-Blue-Yama-3-4.jpg 600w, https:\/\/www.caberg.it\/mondo-caberg\/wp-content\/uploads\/2023\/04\/Duke-X-Matt-Blue-Yama-3-4-300x300.jpg 300w, https:\/\/www.caberg.it\/mondo-caberg\/wp-content\/uploads\/2023\/04\/Duke-X-Matt-Blue-Yama-3-4-150x150.jpg 150w\" sizes=\"auto, (max-width: 300px) 100vw, 300px\" \/><\/p>\n<ul>\n<li><a href=\"https:\/\/www.caberg.it\/caschi\/apribili\/tourmax-x\"><strong>TOURMAX X<\/strong><\/a>: modulare dotato di frontino, perfetto per l\u2019utilizzo con motociclette Enduro e Maxi Enduro.<\/li>\n<\/ul>\n<p><img loading=\"lazy\" decoding=\"async\" class=\"alignnone wp-image-2819\" src=\"https:\/\/www.caberg.it\/mondo-caberg\/wp-content\/uploads\/2023\/04\/Tourmax-X-Sarabe-Matt-Gun-Metal-Black-Bmw-Colors-3-4.jpg\" alt=\"casco apribile TOURMAX X\" width=\"300\" height=\"300\" srcset=\"https:\/\/www.caberg.it\/mondo-caberg\/wp-content\/uploads\/2023\/04\/Tourmax-X-Sarabe-Matt-Gun-Metal-Black-Bmw-Colors-3-4.jpg 600w, https:\/\/www.caberg.it\/mondo-caberg\/wp-content\/uploads\/2023\/04\/Tourmax-X-Sarabe-Matt-Gun-Metal-Black-Bmw-Colors-3-4-300x300.jpg 300w, https:\/\/www.caberg.it\/mondo-caberg\/wp-content\/uploads\/2023\/04\/Tourmax-X-Sarabe-Matt-Gun-Metal-Black-Bmw-Colors-3-4-150x150.jpg 150w\" sizes=\"auto, (max-width: 300px) 100vw, 300px\" \/><\/p>\n<h3><strong>Caschi jet omologati ECE 22.06<\/strong><\/h3>\n<p>Per te, il principale utilizzo di un casco \u00e8 nel tragitto casa lavoro? Sei alla ricerca di un nuovo jet che unisca caratteristiche di praticit\u00e0 e leggerezza ad affidabilit\u00e0 e sicurezza? Eccoti <a href=\"https:\/\/www.caberg.it\/caschi\/jet\/flyon-ii\"><strong>FLYON II<\/strong><\/a><strong> e <\/strong><a href=\"https:\/\/www.caberg.it\/caschi\/jet\/riviera-v4-x\"><strong>RIVIERA V4 X<\/strong><\/a><strong>, i due jet Caberg omologati ECE 22.06<\/strong>.<\/p>\n<div class=\"w-gallery fit_cover wp_gallery type_grid ratio_1x1 count_2\" style=\"--columns:3;--items-gap:0px;\"><div class=\"w-gallery-list\"><div class=\"w-gallery-item\"><div class=\"w-gallery-item-img\"><img loading=\"lazy\" decoding=\"async\" width=\"600\" height=\"600\" src=\"https:\/\/www.caberg.it\/mondo-caberg\/wp-content\/uploads\/2023\/04\/Flyon-II-Boss-White-Black-Red-Blue-profile.jpg\" class=\"attachment-full size-full\" alt=\"jet FLYON II omologato ECE 22.06\" srcset=\"https:\/\/www.caberg.it\/mondo-caberg\/wp-content\/uploads\/2023\/04\/Flyon-II-Boss-White-Black-Red-Blue-profile.jpg 600w, https:\/\/www.caberg.it\/mondo-caberg\/wp-content\/uploads\/2023\/04\/Flyon-II-Boss-White-Black-Red-Blue-profile-300x300.jpg 300w, https:\/\/www.caberg.it\/mondo-caberg\/wp-content\/uploads\/2023\/04\/Flyon-II-Boss-White-Black-Red-Blue-profile-150x150.jpg 150w\" sizes=\"auto, (max-width: 600px) 100vw, 600px\" \/><\/div><\/div><div class=\"w-gallery-item\"><div class=\"w-gallery-item-img\"><img loading=\"lazy\" decoding=\"async\" width=\"600\" height=\"600\" src=\"https:\/\/www.caberg.it\/mondo-caberg\/wp-content\/uploads\/2023\/04\/Riviera-V4-X-Matt-Red-profile.jpg\" class=\"attachment-full size-full\" alt=\"jet RIVIERA V4 X omologato ECE 22.06\" srcset=\"https:\/\/www.caberg.it\/mondo-caberg\/wp-content\/uploads\/2023\/04\/Riviera-V4-X-Matt-Red-profile.jpg 600w, https:\/\/www.caberg.it\/mondo-caberg\/wp-content\/uploads\/2023\/04\/Riviera-V4-X-Matt-Red-profile-300x300.jpg 300w, https:\/\/www.caberg.it\/mondo-caberg\/wp-content\/uploads\/2023\/04\/Riviera-V4-X-Matt-Red-profile-150x150.jpg 150w\" sizes=\"auto, (max-width: 600px) 100vw, 600px\" \/><\/div><\/div><\/div><\/div>\n<p>Pratici, confortevoli e dotati dell\u2019omologazione ECE 22.06, FLYON II e RIVIERA V4 X sono la soluzione perfetta per accompagnarti in ogni spostamento urbano e non solo.<\/p>\n<p>L\u2019esigenza di sicurezza di ogni motociclista \u00e8 una cosa seria e noi di Caberg lo sappiamo benissimo. Per questo motivo, <strong>qualunque tipologia di casco tu stia cercando, potrai trovare un modello adatto alle tue esigenze e omologato ECE 22.06<\/strong>.<\/p>\n<p>Vuoi scoprire di pi\u00f9 sui caschi Caberg? <strong>Scopri ora <\/strong><a href=\"https:\/\/www.caberg.it\/caschi\"><strong>tutti i modelli<\/strong><\/a><strong> disponibili<\/strong>.<\/p>\n","protected":false},"excerpt":{"rendered":"<p>La nuova normativa ECE 22.06 garantisce una sicurezza ancora maggiore per i caschi omologati. Scopriamone insieme le caratteristiche e i modelli Caberg disponibili.<\/p>\n","protected":false},"author":1,"featured_media":2805,"comment_status":"open","ping_status":"open","sticky":false,"template":"","format":"standard","meta":{"_acf_changed":false,"footnotes":""},"categories":[2],"tags":[74,72,75,73],"class_list":["post-2803","post","type-post","status-publish","format-standard","has-post-thumbnail","hentry","category-caschi","tag-caschi-omologati-ece-22-06","tag-ece-22-06","tag-omologazione-caschi","tag-omologazione-ece-22-06"],"acf":[],"yoast_head":"<!-- This site is optimized with the Yoast SEO plugin v26.4 - https:\/\/yoast.com\/wordpress\/plugins\/seo\/ -->\n<title>Caschi omologati ECE 22.06: significato e modelli Caberg - Caberg World<\/title>\n<meta name=\"description\" content=\"La nuova normativa ECE 22.06 garantisce una sicurezza ancora maggiore per i caschi omologati. Scopriamone insieme le caratteristiche.\" \/>\n<meta name=\"robots\" content=\"index, follow, max-snippet:-1, max-image-preview:large, max-video-preview:-1\" \/>\n<link rel=\"canonical\" href=\"https:\/\/www.caberg.it\/mondo-caberg\/2023\/04\/12\/caschi-omologati-ece-22-06-significato-e-modelli-caberg\/\" \/>\n<meta property=\"og:locale\" content=\"it_IT\" \/>\n<meta property=\"og:type\" content=\"article\" \/>\n<meta property=\"og:title\" content=\"Caschi omologati ECE 22.06: significato e modelli Caberg - Caberg World\" \/>\n<meta property=\"og:description\" content=\"La nuova normativa ECE 22.06 garantisce una sicurezza ancora maggiore per i caschi omologati. Scopriamone insieme le caratteristiche.\" \/>\n<meta property=\"og:url\" content=\"https:\/\/www.caberg.it\/mondo-caberg\/2023\/04\/12\/caschi-omologati-ece-22-06-significato-e-modelli-caberg\/\" \/>\n<meta property=\"og:site_name\" content=\"Caberg World\" \/>\n<meta property=\"article:publisher\" content=\"https:\/\/www.facebook.com\/Caberg-Helmets-867297310082417\/\" \/>\n<meta property=\"article:published_time\" content=\"2023-04-12T14:05:27+00:00\" \/>\n<meta property=\"article:modified_time\" content=\"2023-04-12T14:52:34+00:00\" \/>\n<meta property=\"og:image\" content=\"https:\/\/www.caberg.it\/mondo-caberg\/wp-content\/uploads\/2023\/04\/Copertina-articolo-caschi-omologati-ECE_proposta4.jpg\" \/>\n\t<meta property=\"og:image:width\" content=\"800\" \/>\n\t<meta property=\"og:image:height\" content=\"533\" \/>\n\t<meta property=\"og:image:type\" content=\"image\/jpeg\" \/>\n<meta name=\"author\" content=\"ecommerce@videocomp.it\" \/>\n<meta name=\"twitter:card\" content=\"summary_large_image\" \/>\n<meta name=\"twitter:label1\" content=\"Scritto da\" \/>\n\t<meta name=\"twitter:data1\" content=\"ecommerce@videocomp.it\" \/>\n\t<meta name=\"twitter:label2\" content=\"Tempo di lettura stimato\" \/>\n\t<meta name=\"twitter:data2\" content=\"7 minuti\" \/>\n<script type=\"application\/ld+json\" class=\"yoast-schema-graph\">{\"@context\":\"https:\/\/schema.org\",\"@graph\":[{\"@type\":\"WebPage\",\"@id\":\"https:\/\/www.caberg.it\/mondo-caberg\/2023\/04\/12\/caschi-omologati-ece-22-06-significato-e-modelli-caberg\/\",\"url\":\"https:\/\/www.caberg.it\/mondo-caberg\/2023\/04\/12\/caschi-omologati-ece-22-06-significato-e-modelli-caberg\/\",\"name\":\"Caschi omologati ECE 22.06: significato e modelli Caberg - Caberg World\",\"isPartOf\":{\"@id\":\"https:\/\/www.caberg.it\/mondo-caberg\/#website\"},\"primaryImageOfPage\":{\"@id\":\"https:\/\/www.caberg.it\/mondo-caberg\/2023\/04\/12\/caschi-omologati-ece-22-06-significato-e-modelli-caberg\/#primaryimage\"},\"image\":{\"@id\":\"https:\/\/www.caberg.it\/mondo-caberg\/2023\/04\/12\/caschi-omologati-ece-22-06-significato-e-modelli-caberg\/#primaryimage\"},\"thumbnailUrl\":\"https:\/\/www.caberg.it\/mondo-caberg\/wp-content\/uploads\/2023\/04\/Copertina-articolo-caschi-omologati-ECE_proposta4.jpg\",\"datePublished\":\"2023-04-12T14:05:27+00:00\",\"dateModified\":\"2023-04-12T14:52:34+00:00\",\"author\":{\"@id\":\"https:\/\/www.caberg.it\/mondo-caberg\/#\/schema\/person\/732825cb1b782bb1736f9087ba61f98e\"},\"description\":\"La nuova normativa ECE 22.06 garantisce una sicurezza ancora maggiore per i caschi omologati. Scopriamone insieme le caratteristiche.\",\"breadcrumb\":{\"@id\":\"https:\/\/www.caberg.it\/mondo-caberg\/2023\/04\/12\/caschi-omologati-ece-22-06-significato-e-modelli-caberg\/#breadcrumb\"},\"inLanguage\":\"it-IT\",\"potentialAction\":[{\"@type\":\"ReadAction\",\"target\":[\"https:\/\/www.caberg.it\/mondo-caberg\/2023\/04\/12\/caschi-omologati-ece-22-06-significato-e-modelli-caberg\/\"]}]},{\"@type\":\"ImageObject\",\"inLanguage\":\"it-IT\",\"@id\":\"https:\/\/www.caberg.it\/mondo-caberg\/2023\/04\/12\/caschi-omologati-ece-22-06-significato-e-modelli-caberg\/#primaryimage\",\"url\":\"https:\/\/www.caberg.it\/mondo-caberg\/wp-content\/uploads\/2023\/04\/Copertina-articolo-caschi-omologati-ECE_proposta4.jpg\",\"contentUrl\":\"https:\/\/www.caberg.it\/mondo-caberg\/wp-content\/uploads\/2023\/04\/Copertina-articolo-caschi-omologati-ECE_proposta4.jpg\",\"width\":800,\"height\":533,\"caption\":\"caschi omologati ECE 22.06\"},{\"@type\":\"BreadcrumbList\",\"@id\":\"https:\/\/www.caberg.it\/mondo-caberg\/2023\/04\/12\/caschi-omologati-ece-22-06-significato-e-modelli-caberg\/#breadcrumb\",\"itemListElement\":[{\"@type\":\"ListItem\",\"position\":1,\"name\":\"Home\",\"item\":\"https:\/\/www.caberg.it\/mondo-caberg\/\"},{\"@type\":\"ListItem\",\"position\":2,\"name\":\"Caschi omologati ECE 22.06: significato e modelli Caberg\"}]},{\"@type\":\"WebSite\",\"@id\":\"https:\/\/www.caberg.it\/mondo-caberg\/#website\",\"url\":\"https:\/\/www.caberg.it\/mondo-caberg\/\",\"name\":\"Caberg World\",\"description\":\"I consigli e le notizie ufficiali dal mondo Caberg\",\"potentialAction\":[{\"@type\":\"SearchAction\",\"target\":{\"@type\":\"EntryPoint\",\"urlTemplate\":\"https:\/\/www.caberg.it\/mondo-caberg\/?s={search_term_string}\"},\"query-input\":{\"@type\":\"PropertyValueSpecification\",\"valueRequired\":true,\"valueName\":\"search_term_string\"}}],\"inLanguage\":\"it-IT\"},{\"@type\":\"Person\",\"@id\":\"https:\/\/www.caberg.it\/mondo-caberg\/#\/schema\/person\/732825cb1b782bb1736f9087ba61f98e\",\"name\":\"ecommerce@videocomp.it\",\"image\":{\"@type\":\"ImageObject\",\"inLanguage\":\"it-IT\",\"@id\":\"https:\/\/www.caberg.it\/mondo-caberg\/#\/schema\/person\/image\/\",\"url\":\"https:\/\/secure.gravatar.com\/avatar\/c35679d1bc817ac1daf9fdc2a38aed21a1251d8b51433e7153fafb4225544ebb?s=96&d=mm&r=g\",\"contentUrl\":\"https:\/\/secure.gravatar.com\/avatar\/c35679d1bc817ac1daf9fdc2a38aed21a1251d8b51433e7153fafb4225544ebb?s=96&d=mm&r=g\",\"caption\":\"ecommerce@videocomp.it\"},\"sameAs\":[\"http:\/\/www.caberg.it\/mondo-caberg\"],\"url\":\"https:\/\/www.caberg.it\/mondo-caberg\/author\/ecommercevideocomp-it\/\"}]}<\/script>\n<!-- \/ Yoast SEO plugin. -->","yoast_head_json":{"title":"Caschi omologati ECE 22.06: significato e modelli Caberg - Caberg World","description":"La nuova normativa ECE 22.06 garantisce una sicurezza ancora maggiore per i caschi omologati. Scopriamone insieme le caratteristiche.","robots":{"index":"index","follow":"follow","max-snippet":"max-snippet:-1","max-image-preview":"max-image-preview:large","max-video-preview":"max-video-preview:-1"},"canonical":"https:\/\/www.caberg.it\/mondo-caberg\/2023\/04\/12\/caschi-omologati-ece-22-06-significato-e-modelli-caberg\/","og_locale":"it_IT","og_type":"article","og_title":"Caschi omologati ECE 22.06: significato e modelli Caberg - Caberg World","og_description":"La nuova normativa ECE 22.06 garantisce una sicurezza ancora maggiore per i caschi omologati. Scopriamone insieme le caratteristiche.","og_url":"https:\/\/www.caberg.it\/mondo-caberg\/2023\/04\/12\/caschi-omologati-ece-22-06-significato-e-modelli-caberg\/","og_site_name":"Caberg World","article_publisher":"https:\/\/www.facebook.com\/Caberg-Helmets-867297310082417\/","article_published_time":"2023-04-12T14:05:27+00:00","article_modified_time":"2023-04-12T14:52:34+00:00","og_image":[{"width":800,"height":533,"url":"https:\/\/www.caberg.it\/mondo-caberg\/wp-content\/uploads\/2023\/04\/Copertina-articolo-caschi-omologati-ECE_proposta4.jpg","type":"image\/jpeg"}],"author":"ecommerce@videocomp.it","twitter_card":"summary_large_image","twitter_misc":{"Scritto da":"ecommerce@videocomp.it","Tempo di lettura stimato":"7 minuti"},"schema":{"@context":"https:\/\/schema.org","@graph":[{"@type":"WebPage","@id":"https:\/\/www.caberg.it\/mondo-caberg\/2023\/04\/12\/caschi-omologati-ece-22-06-significato-e-modelli-caberg\/","url":"https:\/\/www.caberg.it\/mondo-caberg\/2023\/04\/12\/caschi-omologati-ece-22-06-significato-e-modelli-caberg\/","name":"Caschi omologati ECE 22.06: significato e modelli Caberg - Caberg World","isPartOf":{"@id":"https:\/\/www.caberg.it\/mondo-caberg\/#website"},"primaryImageOfPage":{"@id":"https:\/\/www.caberg.it\/mondo-caberg\/2023\/04\/12\/caschi-omologati-ece-22-06-significato-e-modelli-caberg\/#primaryimage"},"image":{"@id":"https:\/\/www.caberg.it\/mondo-caberg\/2023\/04\/12\/caschi-omologati-ece-22-06-significato-e-modelli-caberg\/#primaryimage"},"thumbnailUrl":"https:\/\/www.caberg.it\/mondo-caberg\/wp-content\/uploads\/2023\/04\/Copertina-articolo-caschi-omologati-ECE_proposta4.jpg","datePublished":"2023-04-12T14:05:27+00:00","dateModified":"2023-04-12T14:52:34+00:00","author":{"@id":"https:\/\/www.caberg.it\/mondo-caberg\/#\/schema\/person\/732825cb1b782bb1736f9087ba61f98e"},"description":"La nuova normativa ECE 22.06 garantisce una sicurezza ancora maggiore per i caschi omologati. Scopriamone insieme le caratteristiche.","breadcrumb":{"@id":"https:\/\/www.caberg.it\/mondo-caberg\/2023\/04\/12\/caschi-omologati-ece-22-06-significato-e-modelli-caberg\/#breadcrumb"},"inLanguage":"it-IT","potentialAction":[{"@type":"ReadAction","target":["https:\/\/www.caberg.it\/mondo-caberg\/2023\/04\/12\/caschi-omologati-ece-22-06-significato-e-modelli-caberg\/"]}]},{"@type":"ImageObject","inLanguage":"it-IT","@id":"https:\/\/www.caberg.it\/mondo-caberg\/2023\/04\/12\/caschi-omologati-ece-22-06-significato-e-modelli-caberg\/#primaryimage","url":"https:\/\/www.caberg.it\/mondo-caberg\/wp-content\/uploads\/2023\/04\/Copertina-articolo-caschi-omologati-ECE_proposta4.jpg","contentUrl":"https:\/\/www.caberg.it\/mondo-caberg\/wp-content\/uploads\/2023\/04\/Copertina-articolo-caschi-omologati-ECE_proposta4.jpg","width":800,"height":533,"caption":"caschi omologati ECE 22.06"},{"@type":"BreadcrumbList","@id":"https:\/\/www.caberg.it\/mondo-caberg\/2023\/04\/12\/caschi-omologati-ece-22-06-significato-e-modelli-caberg\/#breadcrumb","itemListElement":[{"@type":"ListItem","position":1,"name":"Home","item":"https:\/\/www.caberg.it\/mondo-caberg\/"},{"@type":"ListItem","position":2,"name":"Caschi omologati ECE 22.06: significato e modelli Caberg"}]},{"@type":"WebSite","@id":"https:\/\/www.caberg.it\/mondo-caberg\/#website","url":"https:\/\/www.caberg.it\/mondo-caberg\/","name":"Caberg World","description":"I consigli e le notizie ufficiali dal mondo Caberg","potentialAction":[{"@type":"SearchAction","target":{"@type":"EntryPoint","urlTemplate":"https:\/\/www.caberg.it\/mondo-caberg\/?s={search_term_string}"},"query-input":{"@type":"PropertyValueSpecification","valueRequired":true,"valueName":"search_term_string"}}],"inLanguage":"it-IT"},{"@type":"Person","@id":"https:\/\/www.caberg.it\/mondo-caberg\/#\/schema\/person\/732825cb1b782bb1736f9087ba61f98e","name":"ecommerce@videocomp.it","image":{"@type":"ImageObject","inLanguage":"it-IT","@id":"https:\/\/www.caberg.it\/mondo-caberg\/#\/schema\/person\/image\/","url":"https:\/\/secure.gravatar.com\/avatar\/c35679d1bc817ac1daf9fdc2a38aed21a1251d8b51433e7153fafb4225544ebb?s=96&d=mm&r=g","contentUrl":"https:\/\/secure.gravatar.com\/avatar\/c35679d1bc817ac1daf9fdc2a38aed21a1251d8b51433e7153fafb4225544ebb?s=96&d=mm&r=g","caption":"ecommerce@videocomp.it"},"sameAs":["http:\/\/www.caberg.it\/mondo-caberg"],"url":"https:\/\/www.caberg.it\/mondo-caberg\/author\/ecommercevideocomp-it\/"}]}},"_links":{"self":[{"href":"https:\/\/www.caberg.it\/mondo-caberg\/wp-json\/wp\/v2\/posts\/2803","targetHints":{"allow":["GET"]}}],"collection":[{"href":"https:\/\/www.caberg.it\/mondo-caberg\/wp-json\/wp\/v2\/posts"}],"about":[{"href":"https:\/\/www.caberg.it\/mondo-caberg\/wp-json\/wp\/v2\/types\/post"}],"author":[{"embeddable":true,"href":"https:\/\/www.caberg.it\/mondo-caberg\/wp-json\/wp\/v2\/users\/1"}],"replies":[{"embeddable":true,"href":"https:\/\/www.caberg.it\/mondo-caberg\/wp-json\/wp\/v2\/comments?post=2803"}],"version-history":[{"count":6,"href":"https:\/\/www.caberg.it\/mondo-caberg\/wp-json\/wp\/v2\/posts\/2803\/revisions"}],"predecessor-version":[{"id":2833,"href":"https:\/\/www.caberg.it\/mondo-caberg\/wp-json\/wp\/v2\/posts\/2803\/revisions\/2833"}],"wp:featuredmedia":[{"embeddable":true,"href":"https:\/\/www.caberg.it\/mondo-caberg\/wp-json\/wp\/v2\/media\/2805"}],"wp:attachment":[{"href":"https:\/\/www.caberg.it\/mondo-caberg\/wp-json\/wp\/v2\/media?parent=2803"}],"wp:term":[{"taxonomy":"category","embeddable":true,"href":"https:\/\/www.caberg.it\/mondo-caberg\/wp-json\/wp\/v2\/categories?post=2803"},{"taxonomy":"post_tag","embeddable":true,"href":"https:\/\/www.caberg.it\/mondo-caberg\/wp-json\/wp\/v2\/tags?post=2803"}],"curies":[{"name":"wp","href":"https:\/\/api.w.org\/{rel}","templated":true}]}}