{"id":153,"date":"2018-06-09T11:12:05","date_gmt":"2018-06-09T09:12:05","guid":{"rendered":"http:\/\/localhost:8888\/caberg-blog\/?p=153"},"modified":"2022-02-01T15:40:16","modified_gmt":"2022-02-01T14:40:16","slug":"il-caberg-ghost-iron-utilizzato-da-amotomio-per-la-prova-moto-della-suzuki-sv650x-ter","status":"publish","type":"post","link":"https:\/\/www.caberg.it\/mondo-caberg\/2018\/06\/09\/il-caberg-ghost-iron-utilizzato-da-amotomio-per-la-prova-moto-della-suzuki-sv650x-ter\/","title":{"rendered":"Il Caberg Ghost Iron utilizzato da aMotoMio per la prova moto della SUZUKI SV650X-TER"},"content":{"rendered":"<p><img loading=\"lazy\" decoding=\"async\" class=\"alignnone wp-image-154 size-full\" src=\"https:\/\/www.caberg.it\/mondo-caberg\/wp-content\/uploads\/2021\/10\/198_Cop_SV650X_TER-copertina.jpg\" alt=\"\" width=\"800\" height=\"533\" srcset=\"https:\/\/www.caberg.it\/mondo-caberg\/wp-content\/uploads\/2021\/10\/198_Cop_SV650X_TER-copertina.jpg 800w, https:\/\/www.caberg.it\/mondo-caberg\/wp-content\/uploads\/2021\/10\/198_Cop_SV650X_TER-copertina-300x200.jpg 300w\" sizes=\"auto, (max-width: 800px) 100vw, 800px\" \/><\/p>\n<p>Gli amici di\u00a0<strong>aMotoMio<\/strong>, testata che fornisce &#8220;consigli eccezionali per motociclisti normali&#8221;, hanno utilizzato il casco Jet\u00a0<a href=\"https:\/\/www.caberg.it\/caschi\/jet\/ghost\"><strong>Ghost Iron<\/strong><\/a> durante la prova moto della nuova Suzuki SV650X-TER. Una versione, quest&#8217;ultima, che vuole strizzare prepotentemente l\u2019occhio alle Caf\u00e8 Racer: a questa moto \u00e8 stato dunque associato per l&#8217;occasione il casco ideato da Caberg proprio per motociclisti che non vogliono passare inosservati ma che prestano sempre un occhio di riguardo a funzionalit\u00e0 e praticit\u00e0.<\/p>\n<p>Grazie ad un meccanismo basculante a molle, infatti, il movimento di apertura e chiusura dell\u2019insieme di visiera e maschera \u00e8 semplice e intuitivo e pu\u00f2 essere fatto con estrema facilit\u00e0 utilizzando solo una mano a differenza dei caschi Jet con occhiali o maschere con il tradizionale elastico. <strong>Ghost<\/strong> pu\u00f2 essere dunque utilizzato facilmente in\u00a0<strong>4 configurazioni:<\/strong><\/p>\n<ol>\n<li>Completo di visiera, profilo inferiore visiera in spugna e maschera;<\/li>\n<li>Completo di visiera senza profilo inferiore in spugna e con maschera (ideale nei mesi caldi ma con la sicurezza della protezione del viso da parte della maschera);<\/li>\n<li>Completo di visiera e profilo inferiore visiera in spugna e senza maschera;<\/li>\n<li>Solo con visiera, senza il profilo inferiore visiera in spugna e senza la maschera.<\/li>\n<\/ol>\n<p>La calotta, realizzata in due misure, \u00e8 in materiale tricomposito (fibra di vetro, carbonio, kevlar), inoltre \u00e8 disponibile anche la versione full carbon con calotta interamente realizzata in Carbonio.<\/p>\n<p>La presenza della doppia lente Pinlock facile da montare e rimuovere, evita l\u2019appannamento della visiera anche nelle condizioni peggiori. Gli interni, completamente rimovibili e lavabili, sono realizzati con tessuti traspiranti e anallergici. Le finiture come i cinque rivetti affogati nel bordo calotta, le prese d\u2019aria in acciaio poste sul paranuca e gli inserti in eco pelle dimostrano l\u2019attenzione e la cura dei dettagli caratteristiche di un prodotto tutto italiano.<\/p>\n<p>Ghost, grazie agli spazi per gli speakers, presenti sotto l\u2019interno estraibile, pu\u00f2 essere equipaggiato con il comunicatore Bluetooth JUST SPEAK S di <strong>Caberg<\/strong>.<\/p>\n<p>Leggi qui l&#8217;articolo completo:<br \/>\n<a href=\"https:\/\/www.amotomio.it\/le-nostre-prove\/3443-suzuki-sv650x-ter-test-amotomio.html\">https:\/\/www.amotomio.it\/le-nostre-prove\/3443-suzuki-sv650x-ter-test-amotomio.html<\/a><\/p>\n<p><iframe loading=\"lazy\" width=\"560\" height=\"315\" src=\"https:\/\/www.youtube-nocookie.com\/embed\/6JUGNqQZdeg\" title=\"YouTube video player\" frameborder=\"0\" allow=\"accelerometer; autoplay; clipboard-write; encrypted-media; gyroscope; picture-in-picture\" allowfullscreen><\/iframe><\/p>\n","protected":false},"excerpt":{"rendered":"<p>aMotoMio utilizza il Caberg Ghost Iron, il casco per motociclisti che non vogliono passare inosseravti, per la prova moto della SUZUKI SV650X-TER. <\/p>\n","protected":false},"author":1,"featured_media":155,"comment_status":"open","ping_status":"open","sticky":false,"template":"","format":"standard","meta":{"_acf_changed":false,"footnotes":""},"categories":[4],"tags":[],"class_list":["post-153","post","type-post","status-publish","format-standard","has-post-thumbnail","hentry","category-prove-moto"],"acf":[],"yoast_head":"<!-- This site is optimized with the Yoast SEO plugin v26.4 - https:\/\/yoast.com\/wordpress\/plugins\/seo\/ -->\n<title>Il Caberg Ghost Iron utilizzato da aMotoMio per la prova moto della SUZUKI SV650X-TER - Caberg World<\/title>\n<meta name=\"robots\" content=\"index, follow, max-snippet:-1, max-image-preview:large, max-video-preview:-1\" \/>\n<link rel=\"canonical\" href=\"https:\/\/www.caberg.it\/mondo-caberg\/2018\/06\/09\/il-caberg-ghost-iron-utilizzato-da-amotomio-per-la-prova-moto-della-suzuki-sv650x-ter\/\" \/>\n<meta property=\"og:locale\" content=\"it_IT\" \/>\n<meta property=\"og:type\" content=\"article\" \/>\n<meta property=\"og:title\" content=\"Il Caberg Ghost Iron utilizzato da aMotoMio per la prova moto della SUZUKI SV650X-TER - Caberg World\" \/>\n<meta property=\"og:description\" content=\"aMotoMio utilizza il Caberg Ghost Iron, il casco per motociclisti che non vogliono passare inosseravti, per la prova moto della SUZUKI SV650X-TER.\" \/>\n<meta property=\"og:url\" content=\"https:\/\/www.caberg.it\/mondo-caberg\/2018\/06\/09\/il-caberg-ghost-iron-utilizzato-da-amotomio-per-la-prova-moto-della-suzuki-sv650x-ter\/\" \/>\n<meta property=\"og:site_name\" content=\"Caberg World\" \/>\n<meta property=\"article:publisher\" content=\"https:\/\/www.facebook.com\/Caberg-Helmets-867297310082417\/\" \/>\n<meta property=\"article:published_time\" content=\"2018-06-09T09:12:05+00:00\" \/>\n<meta property=\"article:modified_time\" content=\"2022-02-01T14:40:16+00:00\" \/>\n<meta property=\"og:image\" content=\"https:\/\/www.caberg.it\/mondo-caberg\/wp-content\/uploads\/2021\/10\/AC7V9746-anteprima.jpg\" \/>\n\t<meta property=\"og:image:width\" content=\"2400\" \/>\n\t<meta property=\"og:image:height\" content=\"1600\" \/>\n\t<meta property=\"og:image:type\" content=\"image\/jpeg\" \/>\n<meta name=\"author\" content=\"ecommerce@videocomp.it\" \/>\n<meta name=\"twitter:card\" content=\"summary_large_image\" \/>\n<meta name=\"twitter:label1\" content=\"Scritto da\" \/>\n\t<meta name=\"twitter:data1\" content=\"ecommerce@videocomp.it\" \/>\n\t<meta name=\"twitter:label2\" content=\"Tempo di lettura stimato\" \/>\n\t<meta name=\"twitter:data2\" content=\"2 minuti\" \/>\n<script type=\"application\/ld+json\" class=\"yoast-schema-graph\">{\"@context\":\"https:\/\/schema.org\",\"@graph\":[{\"@type\":\"WebPage\",\"@id\":\"https:\/\/www.caberg.it\/mondo-caberg\/2018\/06\/09\/il-caberg-ghost-iron-utilizzato-da-amotomio-per-la-prova-moto-della-suzuki-sv650x-ter\/\",\"url\":\"https:\/\/www.caberg.it\/mondo-caberg\/2018\/06\/09\/il-caberg-ghost-iron-utilizzato-da-amotomio-per-la-prova-moto-della-suzuki-sv650x-ter\/\",\"name\":\"Il Caberg Ghost Iron utilizzato da aMotoMio per la prova moto della SUZUKI SV650X-TER - Caberg World\",\"isPartOf\":{\"@id\":\"https:\/\/www.caberg.it\/mondo-caberg\/#website\"},\"primaryImageOfPage\":{\"@id\":\"https:\/\/www.caberg.it\/mondo-caberg\/2018\/06\/09\/il-caberg-ghost-iron-utilizzato-da-amotomio-per-la-prova-moto-della-suzuki-sv650x-ter\/#primaryimage\"},\"image\":{\"@id\":\"https:\/\/www.caberg.it\/mondo-caberg\/2018\/06\/09\/il-caberg-ghost-iron-utilizzato-da-amotomio-per-la-prova-moto-della-suzuki-sv650x-ter\/#primaryimage\"},\"thumbnailUrl\":\"https:\/\/www.caberg.it\/mondo-caberg\/wp-content\/uploads\/2021\/10\/AC7V9746-anteprima.jpg\",\"datePublished\":\"2018-06-09T09:12:05+00:00\",\"dateModified\":\"2022-02-01T14:40:16+00:00\",\"author\":{\"@id\":\"https:\/\/www.caberg.it\/mondo-caberg\/#\/schema\/person\/732825cb1b782bb1736f9087ba61f98e\"},\"breadcrumb\":{\"@id\":\"https:\/\/www.caberg.it\/mondo-caberg\/2018\/06\/09\/il-caberg-ghost-iron-utilizzato-da-amotomio-per-la-prova-moto-della-suzuki-sv650x-ter\/#breadcrumb\"},\"inLanguage\":\"it-IT\",\"potentialAction\":[{\"@type\":\"ReadAction\",\"target\":[\"https:\/\/www.caberg.it\/mondo-caberg\/2018\/06\/09\/il-caberg-ghost-iron-utilizzato-da-amotomio-per-la-prova-moto-della-suzuki-sv650x-ter\/\"]}]},{\"@type\":\"ImageObject\",\"inLanguage\":\"it-IT\",\"@id\":\"https:\/\/www.caberg.it\/mondo-caberg\/2018\/06\/09\/il-caberg-ghost-iron-utilizzato-da-amotomio-per-la-prova-moto-della-suzuki-sv650x-ter\/#primaryimage\",\"url\":\"https:\/\/www.caberg.it\/mondo-caberg\/wp-content\/uploads\/2021\/10\/AC7V9746-anteprima.jpg\",\"contentUrl\":\"https:\/\/www.caberg.it\/mondo-caberg\/wp-content\/uploads\/2021\/10\/AC7V9746-anteprima.jpg\",\"width\":2400,\"height\":1600,\"caption\":\"Casco caberg in azione\"},{\"@type\":\"BreadcrumbList\",\"@id\":\"https:\/\/www.caberg.it\/mondo-caberg\/2018\/06\/09\/il-caberg-ghost-iron-utilizzato-da-amotomio-per-la-prova-moto-della-suzuki-sv650x-ter\/#breadcrumb\",\"itemListElement\":[{\"@type\":\"ListItem\",\"position\":1,\"name\":\"Home\",\"item\":\"https:\/\/www.caberg.it\/mondo-caberg\/\"},{\"@type\":\"ListItem\",\"position\":2,\"name\":\"Il Caberg Ghost Iron utilizzato da aMotoMio per la prova moto della SUZUKI SV650X-TER\"}]},{\"@type\":\"WebSite\",\"@id\":\"https:\/\/www.caberg.it\/mondo-caberg\/#website\",\"url\":\"https:\/\/www.caberg.it\/mondo-caberg\/\",\"name\":\"Caberg World\",\"description\":\"I consigli e le notizie ufficiali dal mondo Caberg\",\"potentialAction\":[{\"@type\":\"SearchAction\",\"target\":{\"@type\":\"EntryPoint\",\"urlTemplate\":\"https:\/\/www.caberg.it\/mondo-caberg\/?s={search_term_string}\"},\"query-input\":{\"@type\":\"PropertyValueSpecification\",\"valueRequired\":true,\"valueName\":\"search_term_string\"}}],\"inLanguage\":\"it-IT\"},{\"@type\":\"Person\",\"@id\":\"https:\/\/www.caberg.it\/mondo-caberg\/#\/schema\/person\/732825cb1b782bb1736f9087ba61f98e\",\"name\":\"ecommerce@videocomp.it\",\"image\":{\"@type\":\"ImageObject\",\"inLanguage\":\"it-IT\",\"@id\":\"https:\/\/www.caberg.it\/mondo-caberg\/#\/schema\/person\/image\/\",\"url\":\"https:\/\/secure.gravatar.com\/avatar\/c35679d1bc817ac1daf9fdc2a38aed21a1251d8b51433e7153fafb4225544ebb?s=96&d=mm&r=g\",\"contentUrl\":\"https:\/\/secure.gravatar.com\/avatar\/c35679d1bc817ac1daf9fdc2a38aed21a1251d8b51433e7153fafb4225544ebb?s=96&d=mm&r=g\",\"caption\":\"ecommerce@videocomp.it\"},\"sameAs\":[\"http:\/\/www.caberg.it\/mondo-caberg\"],\"url\":\"https:\/\/www.caberg.it\/mondo-caberg\/author\/ecommercevideocomp-it\/\"}]}<\/script>\n<!-- \/ Yoast SEO plugin. -->","yoast_head_json":{"title":"Il Caberg Ghost Iron utilizzato da aMotoMio per la prova moto della SUZUKI SV650X-TER - Caberg World","robots":{"index":"index","follow":"follow","max-snippet":"max-snippet:-1","max-image-preview":"max-image-preview:large","max-video-preview":"max-video-preview:-1"},"canonical":"https:\/\/www.caberg.it\/mondo-caberg\/2018\/06\/09\/il-caberg-ghost-iron-utilizzato-da-amotomio-per-la-prova-moto-della-suzuki-sv650x-ter\/","og_locale":"it_IT","og_type":"article","og_title":"Il Caberg Ghost Iron utilizzato da aMotoMio per la prova moto della SUZUKI SV650X-TER - Caberg World","og_description":"aMotoMio utilizza il Caberg Ghost Iron, il casco per motociclisti che non vogliono passare inosseravti, per la prova moto della SUZUKI SV650X-TER.","og_url":"https:\/\/www.caberg.it\/mondo-caberg\/2018\/06\/09\/il-caberg-ghost-iron-utilizzato-da-amotomio-per-la-prova-moto-della-suzuki-sv650x-ter\/","og_site_name":"Caberg World","article_publisher":"https:\/\/www.facebook.com\/Caberg-Helmets-867297310082417\/","article_published_time":"2018-06-09T09:12:05+00:00","article_modified_time":"2022-02-01T14:40:16+00:00","og_image":[{"width":2400,"height":1600,"url":"https:\/\/www.caberg.it\/mondo-caberg\/wp-content\/uploads\/2021\/10\/AC7V9746-anteprima.jpg","type":"image\/jpeg"}],"author":"ecommerce@videocomp.it","twitter_card":"summary_large_image","twitter_misc":{"Scritto da":"ecommerce@videocomp.it","Tempo di lettura stimato":"2 minuti"},"schema":{"@context":"https:\/\/schema.org","@graph":[{"@type":"WebPage","@id":"https:\/\/www.caberg.it\/mondo-caberg\/2018\/06\/09\/il-caberg-ghost-iron-utilizzato-da-amotomio-per-la-prova-moto-della-suzuki-sv650x-ter\/","url":"https:\/\/www.caberg.it\/mondo-caberg\/2018\/06\/09\/il-caberg-ghost-iron-utilizzato-da-amotomio-per-la-prova-moto-della-suzuki-sv650x-ter\/","name":"Il Caberg Ghost Iron utilizzato da aMotoMio per la prova moto della SUZUKI SV650X-TER - Caberg World","isPartOf":{"@id":"https:\/\/www.caberg.it\/mondo-caberg\/#website"},"primaryImageOfPage":{"@id":"https:\/\/www.caberg.it\/mondo-caberg\/2018\/06\/09\/il-caberg-ghost-iron-utilizzato-da-amotomio-per-la-prova-moto-della-suzuki-sv650x-ter\/#primaryimage"},"image":{"@id":"https:\/\/www.caberg.it\/mondo-caberg\/2018\/06\/09\/il-caberg-ghost-iron-utilizzato-da-amotomio-per-la-prova-moto-della-suzuki-sv650x-ter\/#primaryimage"},"thumbnailUrl":"https:\/\/www.caberg.it\/mondo-caberg\/wp-content\/uploads\/2021\/10\/AC7V9746-anteprima.jpg","datePublished":"2018-06-09T09:12:05+00:00","dateModified":"2022-02-01T14:40:16+00:00","author":{"@id":"https:\/\/www.caberg.it\/mondo-caberg\/#\/schema\/person\/732825cb1b782bb1736f9087ba61f98e"},"breadcrumb":{"@id":"https:\/\/www.caberg.it\/mondo-caberg\/2018\/06\/09\/il-caberg-ghost-iron-utilizzato-da-amotomio-per-la-prova-moto-della-suzuki-sv650x-ter\/#breadcrumb"},"inLanguage":"it-IT","potentialAction":[{"@type":"ReadAction","target":["https:\/\/www.caberg.it\/mondo-caberg\/2018\/06\/09\/il-caberg-ghost-iron-utilizzato-da-amotomio-per-la-prova-moto-della-suzuki-sv650x-ter\/"]}]},{"@type":"ImageObject","inLanguage":"it-IT","@id":"https:\/\/www.caberg.it\/mondo-caberg\/2018\/06\/09\/il-caberg-ghost-iron-utilizzato-da-amotomio-per-la-prova-moto-della-suzuki-sv650x-ter\/#primaryimage","url":"https:\/\/www.caberg.it\/mondo-caberg\/wp-content\/uploads\/2021\/10\/AC7V9746-anteprima.jpg","contentUrl":"https:\/\/www.caberg.it\/mondo-caberg\/wp-content\/uploads\/2021\/10\/AC7V9746-anteprima.jpg","width":2400,"height":1600,"caption":"Casco caberg in azione"},{"@type":"BreadcrumbList","@id":"https:\/\/www.caberg.it\/mondo-caberg\/2018\/06\/09\/il-caberg-ghost-iron-utilizzato-da-amotomio-per-la-prova-moto-della-suzuki-sv650x-ter\/#breadcrumb","itemListElement":[{"@type":"ListItem","position":1,"name":"Home","item":"https:\/\/www.caberg.it\/mondo-caberg\/"},{"@type":"ListItem","position":2,"name":"Il Caberg Ghost Iron utilizzato da aMotoMio per la prova moto della SUZUKI SV650X-TER"}]},{"@type":"WebSite","@id":"https:\/\/www.caberg.it\/mondo-caberg\/#website","url":"https:\/\/www.caberg.it\/mondo-caberg\/","name":"Caberg World","description":"I consigli e le notizie ufficiali dal mondo Caberg","potentialAction":[{"@type":"SearchAction","target":{"@type":"EntryPoint","urlTemplate":"https:\/\/www.caberg.it\/mondo-caberg\/?s={search_term_string}"},"query-input":{"@type":"PropertyValueSpecification","valueRequired":true,"valueName":"search_term_string"}}],"inLanguage":"it-IT"},{"@type":"Person","@id":"https:\/\/www.caberg.it\/mondo-caberg\/#\/schema\/person\/732825cb1b782bb1736f9087ba61f98e","name":"ecommerce@videocomp.it","image":{"@type":"ImageObject","inLanguage":"it-IT","@id":"https:\/\/www.caberg.it\/mondo-caberg\/#\/schema\/person\/image\/","url":"https:\/\/secure.gravatar.com\/avatar\/c35679d1bc817ac1daf9fdc2a38aed21a1251d8b51433e7153fafb4225544ebb?s=96&d=mm&r=g","contentUrl":"https:\/\/secure.gravatar.com\/avatar\/c35679d1bc817ac1daf9fdc2a38aed21a1251d8b51433e7153fafb4225544ebb?s=96&d=mm&r=g","caption":"ecommerce@videocomp.it"},"sameAs":["http:\/\/www.caberg.it\/mondo-caberg"],"url":"https:\/\/www.caberg.it\/mondo-caberg\/author\/ecommercevideocomp-it\/"}]}},"_links":{"self":[{"href":"https:\/\/www.caberg.it\/mondo-caberg\/wp-json\/wp\/v2\/posts\/153","targetHints":{"allow":["GET"]}}],"collection":[{"href":"https:\/\/www.caberg.it\/mondo-caberg\/wp-json\/wp\/v2\/posts"}],"about":[{"href":"https:\/\/www.caberg.it\/mondo-caberg\/wp-json\/wp\/v2\/types\/post"}],"author":[{"embeddable":true,"href":"https:\/\/www.caberg.it\/mondo-caberg\/wp-json\/wp\/v2\/users\/1"}],"replies":[{"embeddable":true,"href":"https:\/\/www.caberg.it\/mondo-caberg\/wp-json\/wp\/v2\/comments?post=153"}],"version-history":[{"count":4,"href":"https:\/\/www.caberg.it\/mondo-caberg\/wp-json\/wp\/v2\/posts\/153\/revisions"}],"predecessor-version":[{"id":2179,"href":"https:\/\/www.caberg.it\/mondo-caberg\/wp-json\/wp\/v2\/posts\/153\/revisions\/2179"}],"wp:featuredmedia":[{"embeddable":true,"href":"https:\/\/www.caberg.it\/mondo-caberg\/wp-json\/wp\/v2\/media\/155"}],"wp:attachment":[{"href":"https:\/\/www.caberg.it\/mondo-caberg\/wp-json\/wp\/v2\/media?parent=153"}],"wp:term":[{"taxonomy":"category","embeddable":true,"href":"https:\/\/www.caberg.it\/mondo-caberg\/wp-json\/wp\/v2\/categories?post=153"},{"taxonomy":"post_tag","embeddable":true,"href":"https:\/\/www.caberg.it\/mondo-caberg\/wp-json\/wp\/v2\/tags?post=153"}],"curies":[{"name":"wp","href":"https:\/\/api.w.org\/{rel}","templated":true}]}}