{"id":121,"date":"2018-11-19T09:52:49","date_gmt":"2018-11-19T08:52:49","guid":{"rendered":"http:\/\/localhost:8888\/caberg-blog\/?p=121"},"modified":"2022-02-01T15:37:46","modified_gmt":"2022-02-01T14:37:46","slug":"caberg-ghost-utilizzato-da-motorionline-per-la-prova-della-scrambler-800-icon-2019","status":"publish","type":"post","link":"https:\/\/www.caberg.it\/mondo-caberg\/2018\/11\/19\/caberg-ghost-utilizzato-da-motorionline-per-la-prova-della-scrambler-800-icon-2019\/","title":{"rendered":"Caberg Ghost utilizzato da Motorionline per la prova della Scrambler 800 Icon 2019!"},"content":{"rendered":"<p><img loading=\"lazy\" decoding=\"async\" class=\"alignnone wp-image-122 size-full\" src=\"https:\/\/www.caberg.it\/mondo-caberg\/wp-content\/uploads\/2021\/10\/ducati-scrambler-prova-su-strada-ghost-anteprima.jpg\" alt=\"\" width=\"1280\" height=\"853\" srcset=\"https:\/\/www.caberg.it\/mondo-caberg\/wp-content\/uploads\/2021\/10\/ducati-scrambler-prova-su-strada-ghost-anteprima.jpg 1280w, https:\/\/www.caberg.it\/mondo-caberg\/wp-content\/uploads\/2021\/10\/ducati-scrambler-prova-su-strada-ghost-anteprima-300x200.jpg 300w, https:\/\/www.caberg.it\/mondo-caberg\/wp-content\/uploads\/2021\/10\/ducati-scrambler-prova-su-strada-ghost-anteprima-1024x682.jpg 1024w\" sizes=\"auto, (max-width: 1280px) 100vw, 1280px\" \/><\/p>\n<p>La testata\u00a0<a href=\"https:\/\/moto.motorionline.com\/2018\/10\/29\/ducati-scrambler-800-icon-2019-la-joyvolution-di-una-storia-nata-nel-1962-video-prova-su-strada\/\">Motorionline\u00a0<\/a>ha utilizzato <a href=\"https:\/\/www.caberg.it\/caschi\/jet\/ghost\">Ghost<\/a>, il casco jet di <strong>Caberg<\/strong> per i motociclisti che non vogliono passare inosservati, per la prova della <strong>Ducati Scrambler Icon 800 2019<\/strong>.<\/p>\n<p>La moto guidata per l&#8217;occasione da Gianluca Cuttitta rappresenta un modello che ha caratterizzato un\u2019epoca, una vera icona del mondo ducatista: <a href=\"https:\/\/www.caberg.it\/caschi\/jet\/ghost\">Ghost<\/a>, un casco altrettanto iconico, era dunque perfetto per questo test-ride.<\/p>\n<p>Questo Jet \u00e8 infatti equipaggiato con una particolare visiera a forma di occhiale che aderisce al viso grazie alla spugna presente sul profilo inferiore della stessa, oltre ad una maschera che protegge il viso dagli agenti atmosferici e dagli insetti.<\/p>\n<p>Grazie ad un meccanismo basculante a molle, il movimento di apertura e chiusura dell\u2019insieme di visiera e maschera \u00e8 semplice e intuitivo e pu\u00f2 essere eseguito con estrema facilit\u00e0 utilizzando solo una mano (a differenza dei caschi Jet con occhiali o maschere con il tradizionale elastico).<\/p>\n<p>Ghost\u00a0pu\u00f2 essere facilmente utilizzato in 4 configurazioni:<\/p>\n<ol>\n<li>Completo di visiera, profilo inferiore visiera in spugna e maschera;<\/li>\n<li>Completo di visiera senza profilo inferiore in spugna e con maschera (ideale nei mesi caldi, ma con la sicurezza della protezione del viso da parte della maschera);<\/li>\n<li>Completo di visiera e profilo inferiore visiera in spugna e senza maschera;<\/li>\n<li>Solo con visiera, senza il profilo inferiore visiera in spugna e senza la maschera;<\/li>\n<\/ol>\n<p>Qui il link per leggere l&#8217;articolo relativo alla prova moto: <a href=\"https:\/\/moto.motorionline.com\/2018\/10\/29\/ducati-scrambler-800-icon-2019-la-joyvolution-di-una-storia-nata-nel-1962-video-prova-su-strada\/\">https:\/\/moto.motorionline.com\/2018\/10\/29\/ducati-scrambler-800-icon-2019-la-joyvolution-di-una-storia-nata-nel-1962-video-prova-su-strada\/<\/a><\/p>\n<div class=\"p2\">\n<p><iframe loading=\"lazy\" width=\"560\" height=\"315\" src=\"https:\/\/www.youtube-nocookie.com\/embed\/5fSjpgq-e5Y\" title=\"YouTube video player\" frameborder=\"0\" allow=\"accelerometer; autoplay; clipboard-write; encrypted-media; gyroscope; picture-in-picture\" allowfullscreen><\/iframe><\/p>\n<\/div>\n","protected":false},"excerpt":{"rendered":"<p>La testata\u00a0Motorionline\u00a0ha utilizzato Ghost, il casco jet di Caberg per i motociclisti che non vogliono passare inosservati, per la prova della Ducati Scrambler Icon 800 2019.<\/p>\n","protected":false},"author":1,"featured_media":123,"comment_status":"open","ping_status":"open","sticky":false,"template":"","format":"standard","meta":{"_acf_changed":false,"footnotes":""},"categories":[4],"tags":[],"class_list":["post-121","post","type-post","status-publish","format-standard","has-post-thumbnail","hentry","category-prove-moto"],"acf":[],"yoast_head":"<!-- This site is optimized with the Yoast SEO plugin v26.4 - https:\/\/yoast.com\/wordpress\/plugins\/seo\/ -->\n<title>Caberg Ghost utilizzato da Motorionline per la prova della Scrambler 800 Icon 2019! - Caberg World<\/title>\n<meta name=\"robots\" content=\"index, follow, max-snippet:-1, max-image-preview:large, max-video-preview:-1\" \/>\n<link rel=\"canonical\" href=\"https:\/\/www.caberg.it\/mondo-caberg\/2018\/11\/19\/caberg-ghost-utilizzato-da-motorionline-per-la-prova-della-scrambler-800-icon-2019\/\" \/>\n<meta property=\"og:locale\" content=\"it_IT\" \/>\n<meta property=\"og:type\" content=\"article\" \/>\n<meta property=\"og:title\" content=\"Caberg Ghost utilizzato da Motorionline per la prova della Scrambler 800 Icon 2019! - Caberg World\" \/>\n<meta property=\"og:description\" content=\"La testata\u00a0Motorionline\u00a0ha utilizzato Ghost, il casco jet di Caberg per i motociclisti che non vogliono passare inosservati, per la prova della Ducati Scrambler Icon 800 2019.\" \/>\n<meta property=\"og:url\" content=\"https:\/\/www.caberg.it\/mondo-caberg\/2018\/11\/19\/caberg-ghost-utilizzato-da-motorionline-per-la-prova-della-scrambler-800-icon-2019\/\" \/>\n<meta property=\"og:site_name\" content=\"Caberg World\" \/>\n<meta property=\"article:publisher\" content=\"https:\/\/www.facebook.com\/Caberg-Helmets-867297310082417\/\" \/>\n<meta property=\"article:published_time\" content=\"2018-11-19T08:52:49+00:00\" \/>\n<meta property=\"article:modified_time\" content=\"2022-02-01T14:37:46+00:00\" \/>\n<meta property=\"og:image\" content=\"https:\/\/www.caberg.it\/mondo-caberg\/wp-content\/uploads\/2021\/10\/ducati-scrambler-prova-su-strada-ghost-copertina.jpg\" \/>\n\t<meta property=\"og:image:width\" content=\"1280\" \/>\n\t<meta property=\"og:image:height\" content=\"853\" \/>\n\t<meta property=\"og:image:type\" content=\"image\/jpeg\" \/>\n<meta name=\"author\" content=\"ecommerce@videocomp.it\" \/>\n<meta name=\"twitter:card\" content=\"summary_large_image\" \/>\n<meta name=\"twitter:label1\" content=\"Scritto da\" \/>\n\t<meta name=\"twitter:data1\" content=\"ecommerce@videocomp.it\" \/>\n\t<meta name=\"twitter:label2\" content=\"Tempo di lettura stimato\" \/>\n\t<meta name=\"twitter:data2\" content=\"1 minuto\" \/>\n<script type=\"application\/ld+json\" class=\"yoast-schema-graph\">{\"@context\":\"https:\/\/schema.org\",\"@graph\":[{\"@type\":\"WebPage\",\"@id\":\"https:\/\/www.caberg.it\/mondo-caberg\/2018\/11\/19\/caberg-ghost-utilizzato-da-motorionline-per-la-prova-della-scrambler-800-icon-2019\/\",\"url\":\"https:\/\/www.caberg.it\/mondo-caberg\/2018\/11\/19\/caberg-ghost-utilizzato-da-motorionline-per-la-prova-della-scrambler-800-icon-2019\/\",\"name\":\"Caberg Ghost utilizzato da Motorionline per la prova della Scrambler 800 Icon 2019! - Caberg World\",\"isPartOf\":{\"@id\":\"https:\/\/www.caberg.it\/mondo-caberg\/#website\"},\"primaryImageOfPage\":{\"@id\":\"https:\/\/www.caberg.it\/mondo-caberg\/2018\/11\/19\/caberg-ghost-utilizzato-da-motorionline-per-la-prova-della-scrambler-800-icon-2019\/#primaryimage\"},\"image\":{\"@id\":\"https:\/\/www.caberg.it\/mondo-caberg\/2018\/11\/19\/caberg-ghost-utilizzato-da-motorionline-per-la-prova-della-scrambler-800-icon-2019\/#primaryimage\"},\"thumbnailUrl\":\"https:\/\/www.caberg.it\/mondo-caberg\/wp-content\/uploads\/2021\/10\/ducati-scrambler-prova-su-strada-ghost-copertina.jpg\",\"datePublished\":\"2018-11-19T08:52:49+00:00\",\"dateModified\":\"2022-02-01T14:37:46+00:00\",\"author\":{\"@id\":\"https:\/\/www.caberg.it\/mondo-caberg\/#\/schema\/person\/732825cb1b782bb1736f9087ba61f98e\"},\"breadcrumb\":{\"@id\":\"https:\/\/www.caberg.it\/mondo-caberg\/2018\/11\/19\/caberg-ghost-utilizzato-da-motorionline-per-la-prova-della-scrambler-800-icon-2019\/#breadcrumb\"},\"inLanguage\":\"it-IT\",\"potentialAction\":[{\"@type\":\"ReadAction\",\"target\":[\"https:\/\/www.caberg.it\/mondo-caberg\/2018\/11\/19\/caberg-ghost-utilizzato-da-motorionline-per-la-prova-della-scrambler-800-icon-2019\/\"]}]},{\"@type\":\"ImageObject\",\"inLanguage\":\"it-IT\",\"@id\":\"https:\/\/www.caberg.it\/mondo-caberg\/2018\/11\/19\/caberg-ghost-utilizzato-da-motorionline-per-la-prova-della-scrambler-800-icon-2019\/#primaryimage\",\"url\":\"https:\/\/www.caberg.it\/mondo-caberg\/wp-content\/uploads\/2021\/10\/ducati-scrambler-prova-su-strada-ghost-copertina.jpg\",\"contentUrl\":\"https:\/\/www.caberg.it\/mondo-caberg\/wp-content\/uploads\/2021\/10\/ducati-scrambler-prova-su-strada-ghost-copertina.jpg\",\"width\":1280,\"height\":853,\"caption\":\"Casco caberg in azione\"},{\"@type\":\"BreadcrumbList\",\"@id\":\"https:\/\/www.caberg.it\/mondo-caberg\/2018\/11\/19\/caberg-ghost-utilizzato-da-motorionline-per-la-prova-della-scrambler-800-icon-2019\/#breadcrumb\",\"itemListElement\":[{\"@type\":\"ListItem\",\"position\":1,\"name\":\"Home\",\"item\":\"https:\/\/www.caberg.it\/mondo-caberg\/\"},{\"@type\":\"ListItem\",\"position\":2,\"name\":\"Caberg Ghost utilizzato da Motorionline per la prova della Scrambler 800 Icon 2019!\"}]},{\"@type\":\"WebSite\",\"@id\":\"https:\/\/www.caberg.it\/mondo-caberg\/#website\",\"url\":\"https:\/\/www.caberg.it\/mondo-caberg\/\",\"name\":\"Caberg World\",\"description\":\"I consigli e le notizie ufficiali dal mondo Caberg\",\"potentialAction\":[{\"@type\":\"SearchAction\",\"target\":{\"@type\":\"EntryPoint\",\"urlTemplate\":\"https:\/\/www.caberg.it\/mondo-caberg\/?s={search_term_string}\"},\"query-input\":{\"@type\":\"PropertyValueSpecification\",\"valueRequired\":true,\"valueName\":\"search_term_string\"}}],\"inLanguage\":\"it-IT\"},{\"@type\":\"Person\",\"@id\":\"https:\/\/www.caberg.it\/mondo-caberg\/#\/schema\/person\/732825cb1b782bb1736f9087ba61f98e\",\"name\":\"ecommerce@videocomp.it\",\"image\":{\"@type\":\"ImageObject\",\"inLanguage\":\"it-IT\",\"@id\":\"https:\/\/www.caberg.it\/mondo-caberg\/#\/schema\/person\/image\/\",\"url\":\"https:\/\/secure.gravatar.com\/avatar\/c35679d1bc817ac1daf9fdc2a38aed21a1251d8b51433e7153fafb4225544ebb?s=96&d=mm&r=g\",\"contentUrl\":\"https:\/\/secure.gravatar.com\/avatar\/c35679d1bc817ac1daf9fdc2a38aed21a1251d8b51433e7153fafb4225544ebb?s=96&d=mm&r=g\",\"caption\":\"ecommerce@videocomp.it\"},\"sameAs\":[\"http:\/\/www.caberg.it\/mondo-caberg\"],\"url\":\"https:\/\/www.caberg.it\/mondo-caberg\/author\/ecommercevideocomp-it\/\"}]}<\/script>\n<!-- \/ Yoast SEO plugin. -->","yoast_head_json":{"title":"Caberg Ghost utilizzato da Motorionline per la prova della Scrambler 800 Icon 2019! - Caberg World","robots":{"index":"index","follow":"follow","max-snippet":"max-snippet:-1","max-image-preview":"max-image-preview:large","max-video-preview":"max-video-preview:-1"},"canonical":"https:\/\/www.caberg.it\/mondo-caberg\/2018\/11\/19\/caberg-ghost-utilizzato-da-motorionline-per-la-prova-della-scrambler-800-icon-2019\/","og_locale":"it_IT","og_type":"article","og_title":"Caberg Ghost utilizzato da Motorionline per la prova della Scrambler 800 Icon 2019! - Caberg World","og_description":"La testata\u00a0Motorionline\u00a0ha utilizzato Ghost, il casco jet di Caberg per i motociclisti che non vogliono passare inosservati, per la prova della Ducati Scrambler Icon 800 2019.","og_url":"https:\/\/www.caberg.it\/mondo-caberg\/2018\/11\/19\/caberg-ghost-utilizzato-da-motorionline-per-la-prova-della-scrambler-800-icon-2019\/","og_site_name":"Caberg World","article_publisher":"https:\/\/www.facebook.com\/Caberg-Helmets-867297310082417\/","article_published_time":"2018-11-19T08:52:49+00:00","article_modified_time":"2022-02-01T14:37:46+00:00","og_image":[{"width":1280,"height":853,"url":"https:\/\/www.caberg.it\/mondo-caberg\/wp-content\/uploads\/2021\/10\/ducati-scrambler-prova-su-strada-ghost-copertina.jpg","type":"image\/jpeg"}],"author":"ecommerce@videocomp.it","twitter_card":"summary_large_image","twitter_misc":{"Scritto da":"ecommerce@videocomp.it","Tempo di lettura stimato":"1 minuto"},"schema":{"@context":"https:\/\/schema.org","@graph":[{"@type":"WebPage","@id":"https:\/\/www.caberg.it\/mondo-caberg\/2018\/11\/19\/caberg-ghost-utilizzato-da-motorionline-per-la-prova-della-scrambler-800-icon-2019\/","url":"https:\/\/www.caberg.it\/mondo-caberg\/2018\/11\/19\/caberg-ghost-utilizzato-da-motorionline-per-la-prova-della-scrambler-800-icon-2019\/","name":"Caberg Ghost utilizzato da Motorionline per la prova della Scrambler 800 Icon 2019! - Caberg World","isPartOf":{"@id":"https:\/\/www.caberg.it\/mondo-caberg\/#website"},"primaryImageOfPage":{"@id":"https:\/\/www.caberg.it\/mondo-caberg\/2018\/11\/19\/caberg-ghost-utilizzato-da-motorionline-per-la-prova-della-scrambler-800-icon-2019\/#primaryimage"},"image":{"@id":"https:\/\/www.caberg.it\/mondo-caberg\/2018\/11\/19\/caberg-ghost-utilizzato-da-motorionline-per-la-prova-della-scrambler-800-icon-2019\/#primaryimage"},"thumbnailUrl":"https:\/\/www.caberg.it\/mondo-caberg\/wp-content\/uploads\/2021\/10\/ducati-scrambler-prova-su-strada-ghost-copertina.jpg","datePublished":"2018-11-19T08:52:49+00:00","dateModified":"2022-02-01T14:37:46+00:00","author":{"@id":"https:\/\/www.caberg.it\/mondo-caberg\/#\/schema\/person\/732825cb1b782bb1736f9087ba61f98e"},"breadcrumb":{"@id":"https:\/\/www.caberg.it\/mondo-caberg\/2018\/11\/19\/caberg-ghost-utilizzato-da-motorionline-per-la-prova-della-scrambler-800-icon-2019\/#breadcrumb"},"inLanguage":"it-IT","potentialAction":[{"@type":"ReadAction","target":["https:\/\/www.caberg.it\/mondo-caberg\/2018\/11\/19\/caberg-ghost-utilizzato-da-motorionline-per-la-prova-della-scrambler-800-icon-2019\/"]}]},{"@type":"ImageObject","inLanguage":"it-IT","@id":"https:\/\/www.caberg.it\/mondo-caberg\/2018\/11\/19\/caberg-ghost-utilizzato-da-motorionline-per-la-prova-della-scrambler-800-icon-2019\/#primaryimage","url":"https:\/\/www.caberg.it\/mondo-caberg\/wp-content\/uploads\/2021\/10\/ducati-scrambler-prova-su-strada-ghost-copertina.jpg","contentUrl":"https:\/\/www.caberg.it\/mondo-caberg\/wp-content\/uploads\/2021\/10\/ducati-scrambler-prova-su-strada-ghost-copertina.jpg","width":1280,"height":853,"caption":"Casco caberg in azione"},{"@type":"BreadcrumbList","@id":"https:\/\/www.caberg.it\/mondo-caberg\/2018\/11\/19\/caberg-ghost-utilizzato-da-motorionline-per-la-prova-della-scrambler-800-icon-2019\/#breadcrumb","itemListElement":[{"@type":"ListItem","position":1,"name":"Home","item":"https:\/\/www.caberg.it\/mondo-caberg\/"},{"@type":"ListItem","position":2,"name":"Caberg Ghost utilizzato da Motorionline per la prova della Scrambler 800 Icon 2019!"}]},{"@type":"WebSite","@id":"https:\/\/www.caberg.it\/mondo-caberg\/#website","url":"https:\/\/www.caberg.it\/mondo-caberg\/","name":"Caberg World","description":"I consigli e le notizie ufficiali dal mondo Caberg","potentialAction":[{"@type":"SearchAction","target":{"@type":"EntryPoint","urlTemplate":"https:\/\/www.caberg.it\/mondo-caberg\/?s={search_term_string}"},"query-input":{"@type":"PropertyValueSpecification","valueRequired":true,"valueName":"search_term_string"}}],"inLanguage":"it-IT"},{"@type":"Person","@id":"https:\/\/www.caberg.it\/mondo-caberg\/#\/schema\/person\/732825cb1b782bb1736f9087ba61f98e","name":"ecommerce@videocomp.it","image":{"@type":"ImageObject","inLanguage":"it-IT","@id":"https:\/\/www.caberg.it\/mondo-caberg\/#\/schema\/person\/image\/","url":"https:\/\/secure.gravatar.com\/avatar\/c35679d1bc817ac1daf9fdc2a38aed21a1251d8b51433e7153fafb4225544ebb?s=96&d=mm&r=g","contentUrl":"https:\/\/secure.gravatar.com\/avatar\/c35679d1bc817ac1daf9fdc2a38aed21a1251d8b51433e7153fafb4225544ebb?s=96&d=mm&r=g","caption":"ecommerce@videocomp.it"},"sameAs":["http:\/\/www.caberg.it\/mondo-caberg"],"url":"https:\/\/www.caberg.it\/mondo-caberg\/author\/ecommercevideocomp-it\/"}]}},"_links":{"self":[{"href":"https:\/\/www.caberg.it\/mondo-caberg\/wp-json\/wp\/v2\/posts\/121","targetHints":{"allow":["GET"]}}],"collection":[{"href":"https:\/\/www.caberg.it\/mondo-caberg\/wp-json\/wp\/v2\/posts"}],"about":[{"href":"https:\/\/www.caberg.it\/mondo-caberg\/wp-json\/wp\/v2\/types\/post"}],"author":[{"embeddable":true,"href":"https:\/\/www.caberg.it\/mondo-caberg\/wp-json\/wp\/v2\/users\/1"}],"replies":[{"embeddable":true,"href":"https:\/\/www.caberg.it\/mondo-caberg\/wp-json\/wp\/v2\/comments?post=121"}],"version-history":[{"count":3,"href":"https:\/\/www.caberg.it\/mondo-caberg\/wp-json\/wp\/v2\/posts\/121\/revisions"}],"predecessor-version":[{"id":2170,"href":"https:\/\/www.caberg.it\/mondo-caberg\/wp-json\/wp\/v2\/posts\/121\/revisions\/2170"}],"wp:featuredmedia":[{"embeddable":true,"href":"https:\/\/www.caberg.it\/mondo-caberg\/wp-json\/wp\/v2\/media\/123"}],"wp:attachment":[{"href":"https:\/\/www.caberg.it\/mondo-caberg\/wp-json\/wp\/v2\/media?parent=121"}],"wp:term":[{"taxonomy":"category","embeddable":true,"href":"https:\/\/www.caberg.it\/mondo-caberg\/wp-json\/wp\/v2\/categories?post=121"},{"taxonomy":"post_tag","embeddable":true,"href":"https:\/\/www.caberg.it\/mondo-caberg\/wp-json\/wp\/v2\/tags?post=121"}],"curies":[{"name":"wp","href":"https:\/\/api.w.org\/{rel}","templated":true}]}}